{"id":1349,"date":"2023-09-11T15:01:57","date_gmt":"2023-09-11T13:01:57","guid":{"rendered":"https:\/\/pasaenmendoza.com\/?p=1349"},"modified":"2023-09-11T15:01:58","modified_gmt":"2023-09-11T13:01:58","slug":"despues-del-zonda-se-viene-la-lluvia-en-mendoza","status":"publish","type":"post","link":"https:\/\/pasaenmendoza.com\/?p=1349","title":{"rendered":"Despu\u00e9s del Zonda, \u00bfse viene la lluvia en Mendoza?"},"content":{"rendered":"\n<p><strong>Este lunes, desciende unos grados la temperatura en Mendoza y el cielo estar\u00e1 nublado. Ma\u00f1ana se prev\u00e9 un d\u00eda lluvioso.\u00a0<\/strong><\/p>\n\n\n\n<p>Seg\u00fan las previsiones del\u00a0<strong>Servicio Meteorol\u00f3gico Nacional<\/strong>, la m\u00e1xima esperada para hoy es de 21\u00b0.<\/p>\n\n\n\n<p>El cielo estar\u00e1 mayormente<strong>\u00a0nublado\u00a0<\/strong>y la humedad relativa del ambiente est\u00e1 por encima del 50%.El viento sopla levemente del Sureste<strong>.<\/strong><\/p>\n\n\n\n<p>Para ma\u00f1ana martes, se espera descenso de temperatura y lluvias durante la ma\u00f1ana y hasta la tarde.\u00a0<\/p>\n\n\n\n<p><strong>La m\u00e1xima pronosticada para el martes es de 14\u00b0.<\/strong><\/p>\n\n\n\n<p>Para El resto de la semana, el pron\u00f3stico indica que la temperatura ir\u00e1 eb ascenso y el cielo estar\u00e1 despejado el jueves.\u00a0<\/p>\n\n\n\n<p><strong>Fuente: www.mendozapost.com<\/strong><\/p>\n","protected":false},"excerpt":{"rendered":"<p>Este lunes, desciende unos grados la temperatura en Mendoza y el cielo estar\u00e1 nublado. Ma\u00f1ana se prev\u00e9 un d\u00eda lluvioso.\u00a0 Seg\u00fan las previsiones del\u00a0Servicio Meteorol\u00f3gico Nacional, la m\u00e1xima esperada para hoy es de 21\u00b0. El cielo estar\u00e1 mayormente\u00a0nublado\u00a0y la humedad relativa del ambiente est\u00e1 por encima del 50%.El viento sopla levemente del Sureste. Para ma\u00f1ana [&hellip;]<\/p>\n","protected":false},"author":2,"featured_media":1351,"comment_status":"open","ping_status":"open","sticky":false,"template":"","format":"standard","meta":[],"categories":[52],"tags":[],"_links":{"self":[{"href":"https:\/\/pasaenmendoza.com\/index.php?rest_route=\/wp\/v2\/posts\/1349"}],"collection":[{"href":"https:\/\/pasaenmendoza.com\/index.php?rest_route=\/wp\/v2\/posts"}],"about":[{"href":"https:\/\/pasaenmendoza.com\/index.php?rest_route=\/wp\/v2\/types\/post"}],"author":[{"embeddable":true,"href":"https:\/\/pasaenmendoza.com\/index.php?rest_route=\/wp\/v2\/users\/2"}],"replies":[{"embeddable":true,"href":"https:\/\/pasaenmendoza.com\/index.php?rest_route=%2Fwp%2Fv2%2Fcomments&post=1349"}],"version-history":[{"count":1,"href":"https:\/\/pasaenmendoza.com\/index.php?rest_route=\/wp\/v2\/posts\/1349\/revisions"}],"predecessor-version":[{"id":1352,"href":"https:\/\/pasaenmendoza.com\/index.php?rest_route=\/wp\/v2\/posts\/1349\/revisions\/1352"}],"wp:featuredmedia":[{"embeddable":true,"href":"https:\/\/pasaenmendoza.com\/index.php?rest_route=\/wp\/v2\/media\/1351"}],"wp:attachment":[{"href":"https:\/\/pasaenmendoza.com\/index.php?rest_route=%2Fwp%2Fv2%2Fmedia&parent=1349"}],"wp:term":[{"taxonomy":"category","embeddable":true,"href":"https:\/\/pasaenmendoza.com\/index.php?rest_route=%2Fwp%2Fv2%2Fcategories&post=1349"},{"taxonomy":"post_tag","embeddable":true,"href":"https:\/\/pasaenmendoza.com\/index.php?rest_route=%2Fwp%2Fv2%2Ftags&post=1349"}],"curies":[{"name":"wp","href":"https:\/\/api.w.org\/{rel}","templated":true}]}}