{"id":13491,"date":"2025-06-17T16:06:08","date_gmt":"2025-06-17T14:06:08","guid":{"rendered":"https:\/\/pasaenmendoza.com\/?p=13491"},"modified":"2025-06-17T16:06:09","modified_gmt":"2025-06-17T14:06:09","slug":"un-chico-de-15-anos-le-robo-a-otro-de-17-en-ciudad-y-lo-tiro-a-un-zanjon","status":"publish","type":"post","link":"https:\/\/pasaenmendoza.com\/?p=13491","title":{"rendered":"Un chico de 15 a\u00f1os le rob\u00f3 a otro de 17 en Ciudad y lo tir\u00f3 a un zanj\u00f3n"},"content":{"rendered":"\n<p>Un menor fue detenido este lunes por la tarde tras protagonizar un asalto en la intersecci\u00f3n de calles\u00a0<strong>Houssay y Tabanera<\/strong>, en Ciudad. La v\u00edctima, un joven de 17 a\u00f1os, result\u00f3 con un traumatismo en el codo izquierdo y fue trasladada a la\u00a0<strong>Cl\u00ednica Santa Isabel de Hungr\u00eda<\/strong>\u00a0para recibir atenci\u00f3n m\u00e9dica.<\/p>\n\n\n\n<p>El incidente ocurri\u00f3 cerca de las 18:00 horas, cuando personal policial recibi\u00f3 una alerta sobre un robo en la zona. Al llegar,&nbsp;<strong>encontraron al joven tirado&nbsp;<\/strong>dentro del Zanj\u00f3n de Los Ciruelos, situaci\u00f3n que motiv\u00f3, seg\u00fan el parte oficial, un patrullaje para localizar al agresor.<\/p>\n\n\n\n<p>En esta direcci\u00f3n, los agentes junto con preventores lograron identificar y detener al presunto autor del asalto en las cercan\u00edas del lugar del hecho. El menor fue aprehendido de inmediato y puesto a disposici\u00f3n de la Oficina Fiscal correspondiente.<\/p>\n\n\n\n<p>La intervenci\u00f3n policial concluy\u00f3 con la detenci\u00f3n del sospechoso y la v\u00edctima recibi\u00f3 asistencia m\u00e9dica, que presentaba heridas producto del forcejeo durante el robo. La causa contin\u00faa en investigaci\u00f3n bajo la supervisi\u00f3n de la Fiscal\u00eda y el hecho qued\u00f3 en manos de la Comisar\u00eda 6ta.<\/p>\n\n\n\n<p><strong>Fuente: www.mendozapost.com<\/strong><\/p>\n","protected":false},"excerpt":{"rendered":"<p>Un menor fue detenido este lunes por la tarde tras protagonizar un asalto en la intersecci\u00f3n de calles\u00a0Houssay y Tabanera, en Ciudad. La v\u00edctima, un joven de 17 a\u00f1os, result\u00f3 con un traumatismo en el codo izquierdo y fue trasladada a la\u00a0Cl\u00ednica Santa Isabel de Hungr\u00eda\u00a0para recibir atenci\u00f3n m\u00e9dica. El incidente ocurri\u00f3 cerca de las [&hellip;]<\/p>\n","protected":false},"author":2,"featured_media":13492,"comment_status":"open","ping_status":"open","sticky":false,"template":"","format":"standard","meta":[],"categories":[48],"tags":[],"_links":{"self":[{"href":"https:\/\/pasaenmendoza.com\/index.php?rest_route=\/wp\/v2\/posts\/13491"}],"collection":[{"href":"https:\/\/pasaenmendoza.com\/index.php?rest_route=\/wp\/v2\/posts"}],"about":[{"href":"https:\/\/pasaenmendoza.com\/index.php?rest_route=\/wp\/v2\/types\/post"}],"author":[{"embeddable":true,"href":"https:\/\/pasaenmendoza.com\/index.php?rest_route=\/wp\/v2\/users\/2"}],"replies":[{"embeddable":true,"href":"https:\/\/pasaenmendoza.com\/index.php?rest_route=%2Fwp%2Fv2%2Fcomments&post=13491"}],"version-history":[{"count":1,"href":"https:\/\/pasaenmendoza.com\/index.php?rest_route=\/wp\/v2\/posts\/13491\/revisions"}],"predecessor-version":[{"id":13493,"href":"https:\/\/pasaenmendoza.com\/index.php?rest_route=\/wp\/v2\/posts\/13491\/revisions\/13493"}],"wp:featuredmedia":[{"embeddable":true,"href":"https:\/\/pasaenmendoza.com\/index.php?rest_route=\/wp\/v2\/media\/13492"}],"wp:attachment":[{"href":"https:\/\/pasaenmendoza.com\/index.php?rest_route=%2Fwp%2Fv2%2Fmedia&parent=13491"}],"wp:term":[{"taxonomy":"category","embeddable":true,"href":"https:\/\/pasaenmendoza.com\/index.php?rest_route=%2Fwp%2Fv2%2Fcategories&post=13491"},{"taxonomy":"post_tag","embeddable":true,"href":"https:\/\/pasaenmendoza.com\/index.php?rest_route=%2Fwp%2Fv2%2Ftags&post=13491"}],"curies":[{"name":"wp","href":"https:\/\/api.w.org\/{rel}","templated":true}]}}