{"id":13504,"date":"2025-06-17T20:21:04","date_gmt":"2025-06-17T18:21:04","guid":{"rendered":"https:\/\/pasaenmendoza.com\/?p=13504"},"modified":"2025-06-17T20:21:05","modified_gmt":"2025-06-17T18:21:05","slug":"anabel-fernandez-sagasti-intensifico-la-campana-en-defensa-de-cristina-kirchner","status":"publish","type":"post","link":"https:\/\/pasaenmendoza.com\/?p=13504","title":{"rendered":"Anabel Fern\u00e1ndez Sagasti intensific\u00f3 la campa\u00f1a en defensa de Cristina Kirchner"},"content":{"rendered":"\n<p>El protagonismo de<strong>\u00a0Anabel Fern\u00e1ndez Sagasti\u00a0<\/strong>en actividades relacionadas con la defensa de\u00a0<strong>Cristina Kirchner\u00a0<\/strong>es incesante. Adem\u00e1s es, junto a otro senador &#8211;<strong>Eduardo Wado de Pedro-<\/strong>\u00a0una de las que encabezan la organizaci\u00f3n de\u00a0una marcha para el mi\u00e9rcoles.<\/p>\n\n\n\n<p>Desde que se conoci\u00f3 que la Corte Suprema Corte de Justicia de la Naci\u00f3n confirm\u00f3 la condena de 6 a\u00f1os de prisi\u00f3n que debe cumplir la ex presidenta por la&nbsp;<strong>Causa Vialidad,&nbsp;<\/strong>la legisladora camporista est\u00e1 llevando adelante acciones en favor de la l\u00edder opositora.<\/p>\n\n\n\n<p>Adem\u00e1s de la intensa campa\u00f1a en redes sociales\u00a0<strong>Anabel\u00a0<\/strong>est\u00e1 participando -muchas veces como organizadora- de una serie de reuniones para determinar los pasos a seguir. Una de las movidas m\u00e1s importantes es la marcha del mi\u00e9rcoles, que el peronismo no est\u00e1 dispuesto a suspender a\u00fan si la Justicia resuelve notificar en su domicilio a\u00a0<strong>Cristina Kirchner<\/strong>\u00a0sobre las condiciones de detenci\u00f3n.\u00a0Con esto evitar\u00eda que CFK tenga que ir a los Tribunales Federales de Comodoro Py.<\/p>\n\n\n\n<h2 class=\"wp-block-heading\">Anabel Fern\u00e1ndez Sagasti, en defensa de Cristina Kirchner<\/h2>\n\n\n\n<p>Este lunes,&nbsp;<strong>Fern\u00e1ndez Sagasti&nbsp;<\/strong>particip\u00f3 de una reuni\u00f3n en Buenos Aires con mayor\u00eda de presencia femenina.<\/p>\n\n\n\n<p>&#8220;Desde la sede del PJ (Partido Justicialista) nacional, junto a compa\u00f1eras de todo el pa\u00eds, alzamos la voz en defensa de Cristina. No la persiguen por lo que hizo, sino por lo que representa: un futuro con justicia social, igualdad y derechos para la Argentina&#8221;, indic\u00f3 la senadora.<\/p>\n\n\n\n<p>Antes, en su cuenta de X ratific\u00f3 que el mi\u00e9rcoles&nbsp;<strong>&#8220;habr\u00e1 marcha, pase lo que pase&#8221;&nbsp;<\/strong>y lo simboliz\u00f3 con la frase &#8220;a no comerse la curva&#8221;.<\/p>\n\n\n\n<h2 class=\"wp-block-heading\">Cristina Kirhcner sali\u00f3 dos veces a saludar<\/h2>\n\n\n\n<p><strong>Cristina Kirchner&nbsp;<\/strong>sali\u00f3 este lunes dos veces a saludar a la militancia reunida en los alrededores de su departamento del barrio de Constituci\u00f3n y areng\u00f3 c\u00e1nticos con la consigna&nbsp;<strong>\u201cvamos a volver\u201d,<\/strong>&nbsp;en la antesala de su presentaci\u00f3n del mi\u00e9rcoles por la ma\u00f1ana tras el fallo ratificado por la Corte Suprema por la<strong>&nbsp;Causa Vialidad.<\/strong><\/p>\n\n\n\n<p>La ex mandataria\u00a0salud\u00f3 por primera vez despu\u00e9s de las 15.30, cuando se dirigi\u00f3 a los manifestantes que permanec\u00edan en la zona del departamento que ocupa en la calle San Jos\u00e9 1111 y, desde los distintos balcones, los motiv\u00f3 a proferir cantos y los reconoci\u00f3 con gestos de afecto.<\/p>\n\n\n\n<p>Una de las consignas fue la caracter\u00edstica arenga&nbsp;<strong>\u201cvamos a volver\u201d,&nbsp;<\/strong>utilizada por el kirchnerismo desde la derrota electoral de 2015 ante el entonces presidente&nbsp;<strong>Mauricio Macri.<\/strong><\/p>\n\n\n\n<p>Posteriormente, la ex mandataria volvi\u00f3 a salir pasadas las 17.30 y los militantes corearon su nombre al grito de<strong>&nbsp;\u201cCristina presidenta\u201d.<\/strong><\/p>\n\n\n\n<p>Cristina Kirchner volvi\u00f3 a saludar desde el balc\u00f3n de su casa a la militancia que la acompa\u00f1a.<\/p>\n\n\n\n<p>Entre los distintos dirigentes y referentes que se acercaron al departamento estuvo la presidenta de Madres de Plaza de Mayo-L\u00ednea Fundadora,&nbsp;<strong>Taty Almeida,<\/strong>&nbsp;quien encabez\u00f3 una comitiva de organismos de Derechos Humanos que ingres\u00f3 al departamento y se entrevist\u00f3 con la ex mandataria.<\/p>\n\n\n\n<p>Entre ellos estuvieron el ex secretario de Derechos Humanos&nbsp;<strong>Horacio Pietragalla<\/strong>&nbsp;y el ex secretario de Deportes<strong>&nbsp;Claudio Morresi.<\/strong><\/p>\n\n\n\n<p>Durante el domingo \u00faltimo a la madrugada, la\u00a0Polic\u00eda de la Ciudad llev\u00f3 adelante un operativo para desalojar a las personas que se encontraban acampando en las inmediaciones de la propiedad,\u00a0donde su defensa pidi\u00f3 que se lleve adelante la prisi\u00f3n domiciliaria para cumplir la pena de 6 a\u00f1os de prisi\u00f3n.<\/p>\n\n\n\n<p>El mi\u00e9rcoles vence el plazo de cinco d\u00edas para que la ex mandataria se presente en\u00a0<strong>Comodoro Py<\/strong>, donde se dar\u00e1 inicio a la condena a seis a\u00f1os de prisi\u00f3n en su contra e inhabilitaci\u00f3n perpetua para ejercer cargos p\u00fablicos por la Causa Vialidad, despu\u00e9s del fallo de la Corte Suprema del martes \u00faltimo que rechaz\u00f3 el recurso de queja que hab\u00eda sido presentado por la defensa de la ex mandataria.<\/p>\n\n\n\n<p><strong>Fuente: www.diariouno.com.ar<\/strong><\/p>\n","protected":false},"excerpt":{"rendered":"<p>El protagonismo de\u00a0Anabel Fern\u00e1ndez Sagasti\u00a0en actividades relacionadas con la defensa de\u00a0Cristina Kirchner\u00a0es incesante. Adem\u00e1s es, junto a otro senador &#8211;Eduardo Wado de Pedro-\u00a0una de las que encabezan la organizaci\u00f3n de\u00a0una marcha para el mi\u00e9rcoles. Desde que se conoci\u00f3 que la Corte Suprema Corte de Justicia de la Naci\u00f3n confirm\u00f3 la condena de 6 a\u00f1os de [&hellip;]<\/p>\n","protected":false},"author":2,"featured_media":13505,"comment_status":"open","ping_status":"open","sticky":false,"template":"","format":"standard","meta":[],"categories":[47],"tags":[],"_links":{"self":[{"href":"https:\/\/pasaenmendoza.com\/index.php?rest_route=\/wp\/v2\/posts\/13504"}],"collection":[{"href":"https:\/\/pasaenmendoza.com\/index.php?rest_route=\/wp\/v2\/posts"}],"about":[{"href":"https:\/\/pasaenmendoza.com\/index.php?rest_route=\/wp\/v2\/types\/post"}],"author":[{"embeddable":true,"href":"https:\/\/pasaenmendoza.com\/index.php?rest_route=\/wp\/v2\/users\/2"}],"replies":[{"embeddable":true,"href":"https:\/\/pasaenmendoza.com\/index.php?rest_route=%2Fwp%2Fv2%2Fcomments&post=13504"}],"version-history":[{"count":1,"href":"https:\/\/pasaenmendoza.com\/index.php?rest_route=\/wp\/v2\/posts\/13504\/revisions"}],"predecessor-version":[{"id":13506,"href":"https:\/\/pasaenmendoza.com\/index.php?rest_route=\/wp\/v2\/posts\/13504\/revisions\/13506"}],"wp:featuredmedia":[{"embeddable":true,"href":"https:\/\/pasaenmendoza.com\/index.php?rest_route=\/wp\/v2\/media\/13505"}],"wp:attachment":[{"href":"https:\/\/pasaenmendoza.com\/index.php?rest_route=%2Fwp%2Fv2%2Fmedia&parent=13504"}],"wp:term":[{"taxonomy":"category","embeddable":true,"href":"https:\/\/pasaenmendoza.com\/index.php?rest_route=%2Fwp%2Fv2%2Fcategories&post=13504"},{"taxonomy":"post_tag","embeddable":true,"href":"https:\/\/pasaenmendoza.com\/index.php?rest_route=%2Fwp%2Fv2%2Ftags&post=13504"}],"curies":[{"name":"wp","href":"https:\/\/api.w.org\/{rel}","templated":true}]}}