{"id":13513,"date":"2025-06-18T14:48:27","date_gmt":"2025-06-18T12:48:27","guid":{"rendered":"https:\/\/pasaenmendoza.com\/?p=13513"},"modified":"2025-06-18T14:48:28","modified_gmt":"2025-06-18T12:48:28","slug":"manana-fria-y-con-heladas-parciales-asi-estara-el-tiempo-en-mendoza","status":"publish","type":"post","link":"https:\/\/pasaenmendoza.com\/?p=13513","title":{"rendered":"Ma\u00f1ana fr\u00eda y con heladas parciales: as\u00ed estar\u00e1 el tiempo en Mendoza"},"content":{"rendered":"\n<p>El&nbsp;<strong>mi\u00e9rcoles<\/strong>&nbsp;arranc\u00f3 con el cielo algo nublado, con poco cambio de la temperatura, vientos leves del noreste. Heladas parciales. Poco nuboso en cordillera.<\/p>\n\n\n\n<p><strong>La m\u00ednima ser\u00e1 de 3 grados y la m\u00e1xima de 16.<\/strong><\/p>\n\n\n\n<p>Para el\u00a0<strong>jueves<\/strong>, la Direcci\u00f3n de Contingencias Clim\u00e1ticas pronostica: \u201cPoca nubosidad con ascenso de la temperatura y heladas parciales, vientos leves del sector norte. Poco nuboso en cordillera\u201d.<\/p>\n\n\n\n<p><strong>La m\u00ednima ser\u00e1 de 3 grados y la m\u00e1xima de 18.<\/strong><\/p>\n\n\n\n<p>En tanto, para el&nbsp;<strong>viernes&nbsp;<\/strong>se indica: \u201cPoca nubosidad con poco cambio de la temperatura, vientos leves del noreste. Heladas parciales. Poco nuboso en cordillera\u201d.<\/p>\n\n\n\n<p><strong>La m\u00ednima ser\u00e1 de 4 grados y la m\u00e1xima de 17.<\/strong><\/p>\n\n\n\n<p><strong>Fuente: www.elsol.com.ar<\/strong><\/p>\n","protected":false},"excerpt":{"rendered":"<p>El&nbsp;mi\u00e9rcoles&nbsp;arranc\u00f3 con el cielo algo nublado, con poco cambio de la temperatura, vientos leves del noreste. Heladas parciales. Poco nuboso en cordillera. La m\u00ednima ser\u00e1 de 3 grados y la m\u00e1xima de 16. Para el\u00a0jueves, la Direcci\u00f3n de Contingencias Clim\u00e1ticas pronostica: \u201cPoca nubosidad con ascenso de la temperatura y heladas parciales, vientos leves del sector [&hellip;]<\/p>\n","protected":false},"author":2,"featured_media":13514,"comment_status":"open","ping_status":"open","sticky":false,"template":"","format":"standard","meta":[],"categories":[52],"tags":[],"_links":{"self":[{"href":"https:\/\/pasaenmendoza.com\/index.php?rest_route=\/wp\/v2\/posts\/13513"}],"collection":[{"href":"https:\/\/pasaenmendoza.com\/index.php?rest_route=\/wp\/v2\/posts"}],"about":[{"href":"https:\/\/pasaenmendoza.com\/index.php?rest_route=\/wp\/v2\/types\/post"}],"author":[{"embeddable":true,"href":"https:\/\/pasaenmendoza.com\/index.php?rest_route=\/wp\/v2\/users\/2"}],"replies":[{"embeddable":true,"href":"https:\/\/pasaenmendoza.com\/index.php?rest_route=%2Fwp%2Fv2%2Fcomments&post=13513"}],"version-history":[{"count":1,"href":"https:\/\/pasaenmendoza.com\/index.php?rest_route=\/wp\/v2\/posts\/13513\/revisions"}],"predecessor-version":[{"id":13515,"href":"https:\/\/pasaenmendoza.com\/index.php?rest_route=\/wp\/v2\/posts\/13513\/revisions\/13515"}],"wp:featuredmedia":[{"embeddable":true,"href":"https:\/\/pasaenmendoza.com\/index.php?rest_route=\/wp\/v2\/media\/13514"}],"wp:attachment":[{"href":"https:\/\/pasaenmendoza.com\/index.php?rest_route=%2Fwp%2Fv2%2Fmedia&parent=13513"}],"wp:term":[{"taxonomy":"category","embeddable":true,"href":"https:\/\/pasaenmendoza.com\/index.php?rest_route=%2Fwp%2Fv2%2Fcategories&post=13513"},{"taxonomy":"post_tag","embeddable":true,"href":"https:\/\/pasaenmendoza.com\/index.php?rest_route=%2Fwp%2Fv2%2Ftags&post=13513"}],"curies":[{"name":"wp","href":"https:\/\/api.w.org\/{rel}","templated":true}]}}