{"id":13516,"date":"2025-06-18T15:19:19","date_gmt":"2025-06-18T13:19:19","guid":{"rendered":"https:\/\/pasaenmendoza.com\/?p=13516"},"modified":"2025-06-18T15:19:20","modified_gmt":"2025-06-18T13:19:20","slug":"un-camionero-se-descompenso-choco-a-otro-y-murio-en-maipu","status":"publish","type":"post","link":"https:\/\/pasaenmendoza.com\/?p=13516","title":{"rendered":"Un camionero se descompens\u00f3, choc\u00f3 a otro y muri\u00f3 en Maip\u00fa"},"content":{"rendered":"\n<p>Durante la\u00a0<strong>noche de este martes<\/strong>,<strong>\u00a0un camionero\u00a0de 65 a\u00f1os\u00a0muri\u00f3<\/strong>\u00a0tras un\u00a0<strong>accidente de tr\u00e1nsito<\/strong>\u00a0ocurrido en la intersecci\u00f3n de\u00a0<strong>Rodr\u00edguez Pe\u00f1a y Urquiza<\/strong>.\u00a0<\/p>\n\n\n\n<p><br>El conductor, identificado como Ruben Eber Serruto,&nbsp;<strong>habr\u00eda sufrido una descompensaci\u00f3n<\/strong>&nbsp;mientras manejaba su cami\u00f3n, lo que provoc\u00f3 que chocara contra otro transporte de carga.<\/p>\n\n\n\n<p>Seg\u00fan los primeros informes, el hombre perdi\u00f3 el control de su veh\u00edculo y\u00a0<strong>colision\u00f3 con otro cami\u00f3n\u00a0<\/strong>que circulaba en la misma direcci\u00f3n y estaba detenido en un sem\u00e1foro.<\/p>\n\n\n\n<p>Al llegar al lugar, los profesionales de una ambulancia del Servicio Coordinado constataron que el conductor del primer cami\u00f3n ya estaba sin vida.&nbsp;<\/p>\n\n\n\n<p>Las autoridades contin\u00faan investigando las circunstancias del accidente y se espera que se realicen pericias para determinar con precisi\u00f3n las causas de la descompensaci\u00f3n del conductor.\u00a0<\/p>\n\n\n\n<p><strong>Fuente: www.mendozapost.com<\/strong><\/p>\n","protected":false},"excerpt":{"rendered":"<p>Durante la\u00a0noche de este martes,\u00a0un camionero\u00a0de 65 a\u00f1os\u00a0muri\u00f3\u00a0tras un\u00a0accidente de tr\u00e1nsito\u00a0ocurrido en la intersecci\u00f3n de\u00a0Rodr\u00edguez Pe\u00f1a y Urquiza.\u00a0 El conductor, identificado como Ruben Eber Serruto,&nbsp;habr\u00eda sufrido una descompensaci\u00f3n&nbsp;mientras manejaba su cami\u00f3n, lo que provoc\u00f3 que chocara contra otro transporte de carga. Seg\u00fan los primeros informes, el hombre perdi\u00f3 el control de su veh\u00edculo y\u00a0colision\u00f3 con [&hellip;]<\/p>\n","protected":false},"author":2,"featured_media":13517,"comment_status":"open","ping_status":"open","sticky":false,"template":"","format":"standard","meta":[],"categories":[48],"tags":[],"_links":{"self":[{"href":"https:\/\/pasaenmendoza.com\/index.php?rest_route=\/wp\/v2\/posts\/13516"}],"collection":[{"href":"https:\/\/pasaenmendoza.com\/index.php?rest_route=\/wp\/v2\/posts"}],"about":[{"href":"https:\/\/pasaenmendoza.com\/index.php?rest_route=\/wp\/v2\/types\/post"}],"author":[{"embeddable":true,"href":"https:\/\/pasaenmendoza.com\/index.php?rest_route=\/wp\/v2\/users\/2"}],"replies":[{"embeddable":true,"href":"https:\/\/pasaenmendoza.com\/index.php?rest_route=%2Fwp%2Fv2%2Fcomments&post=13516"}],"version-history":[{"count":1,"href":"https:\/\/pasaenmendoza.com\/index.php?rest_route=\/wp\/v2\/posts\/13516\/revisions"}],"predecessor-version":[{"id":13518,"href":"https:\/\/pasaenmendoza.com\/index.php?rest_route=\/wp\/v2\/posts\/13516\/revisions\/13518"}],"wp:featuredmedia":[{"embeddable":true,"href":"https:\/\/pasaenmendoza.com\/index.php?rest_route=\/wp\/v2\/media\/13517"}],"wp:attachment":[{"href":"https:\/\/pasaenmendoza.com\/index.php?rest_route=%2Fwp%2Fv2%2Fmedia&parent=13516"}],"wp:term":[{"taxonomy":"category","embeddable":true,"href":"https:\/\/pasaenmendoza.com\/index.php?rest_route=%2Fwp%2Fv2%2Fcategories&post=13516"},{"taxonomy":"post_tag","embeddable":true,"href":"https:\/\/pasaenmendoza.com\/index.php?rest_route=%2Fwp%2Fv2%2Ftags&post=13516"}],"curies":[{"name":"wp","href":"https:\/\/api.w.org\/{rel}","templated":true}]}}