{"id":13519,"date":"2025-06-18T15:24:27","date_gmt":"2025-06-18T13:24:27","guid":{"rendered":"https:\/\/pasaenmendoza.com\/?p=13519"},"modified":"2025-06-18T15:24:28","modified_gmt":"2025-06-18T13:24:28","slug":"azul-inauguro-una-ruta-inedita-entre-mendoza-y-brasil","status":"publish","type":"post","link":"https:\/\/pasaenmendoza.com\/?p=13519","title":{"rendered":"Azul inaugur\u00f3 una ruta in\u00e9dita entre Mendoza y Brasil"},"content":{"rendered":"\n<p>Este martes la aerol\u00ednea brasilera\u00a0<strong>Azul<\/strong>, una de las m\u00e1s importantes de aquel pa\u00eds, efectu\u00f3 su primer vuelo de la flamante ruta a\u00e9rea que conecta\u00a0<strong>Campinas,<\/strong>\u00a0en el Estado de S\u00e3o Paulo a 90 kil\u00f3metros del centro hist\u00f3rico paulista,<strong>\u00a0y Mendoza,\u00a0<\/strong>enel Aeropuerto Internacional El Plumerillo.<\/p>\n\n\n\n<p>Seg\u00fan han informado desde la compa\u00f1\u00eda, la operaci\u00f3n&nbsp;<strong>ser\u00e1 estacional, entre junio y agosto<\/strong>, y atender\u00e1 a quienes buscan disfrutar de la temporada de invierno en nuestra provincia y sumar as\u00ed una nueva fuente de ingreso de turistas. Asimismo destacaron que&nbsp;<strong>&#8220;la nueva ruta tiene alta demanda&#8221;<\/strong>, dado que registraron al menos un 90% de ocupaci\u00f3n durante el vuelo inaugural a trav\u00e9s de aeronaves Airbus A320, con capacidad para<strong>&nbsp;174 pasajeros<\/strong>.<\/p>\n\n\n\n<p>Azul ofrecer\u00e1\u00a0<strong>60 vuelos\u00a0<\/strong>durante este per\u00edodo, con tres frecuencias semanales:\u00a0<strong>martes, viernes y domingos<\/strong>. Esta acci\u00f3n refuerza la estrategia de esta aerol\u00ednea de ampliar su presencia en destinos internacionales y ofrecer mayor conectividad a sus clientes.<\/p>\n\n\n\n<p>Quien se refiri\u00f3 a este anuncio fue la presidenta del Ente Mendoza Turismo,&nbsp;<strong>Gabriela Testa<\/strong>, donde remarc\u00f3 la importancia de abrir esta nueva ruta de estas ciudades de Brasil con Mendoza, con la implicancia de la llegada de los turistas brasileros a esta provincia y viceversa:&nbsp;<em>&#8220;una nueva l\u00ednea a\u00e9rea se suma a la oferta que tiene la provincia en la actualidad, conect\u00e1ndonos con un pa\u00eds que es tan importante para nosotros como mercado emisivo. M\u00e1s puntualmente, viene un aeropuerto tambi\u00e9n, que es in\u00e9dito, que es Campinas&#8221;.<\/em><\/p>\n\n\n\n<p>Testa tambi\u00e9n resalt\u00f3 que este vuelo conecta<em>\u00a0&#8220;con una jurisdicci\u00f3n que tiene 44 millones de habitantes, as\u00ed que es muy importante. Este vuelo suma al desarrollo de la\u00a0<strong>actividad tur\u00edstica, pero tambi\u00e9n econ\u00f3mica en\u00a0general&#8221;<\/strong>.<\/em><\/p>\n\n\n\n<p><em>&#8220;Adem\u00e1s de Azul, Gol, Aerol\u00edneas Argentinas y Latam nos conectan con Brasil.&nbsp;<strong>Este es un vuelo estacional<\/strong>. Ojal\u00e1 sea exitosa la ruta, de modo que pueda quedar en forma permanente&#8221;<\/em>, agreg\u00f3 la titular del respectivo ente aut\u00e1rquico acerca de las esperanzas de que esta nueva apuesta estrat\u00e9gica de dicha aerol\u00ednea logre funcionar con \u00e9xito en el transcurso del tiempo.<\/p>\n\n\n\n<p>Quien tambi\u00e9n hizo alusi\u00f3n a este primer vuelo de Azul hacia Mendoza fue su vicepresidente de Marketing y Personas,<strong>\u00a0Jason Word<\/strong>, donde ofreci\u00f3 m\u00e1s detalles de por qu\u00e9 se decidi\u00f3 abrir esta nueva opci\u00f3n: &#8220;<em>El vuelo inaugural a Mendoza atender\u00e1 a\u00a0<strong>quienes desean viajar durante la alta temporada de invierno, en Argentina.<\/strong>\u00a0En estos meses, la regi\u00f3n atrae a muchos turistas y, con esta nueva ruta, seguimos firmes en nuestra propuesta de ampliar tambi\u00e9n la conectividad a\u00e9rea hacia destinos internacionales, brindando m\u00e1s opciones a los clientes de las ciudades atendidas por Azul&#8221;.<\/em><\/p>\n\n\n\n<p><em>&#8220;Mendoza es una ciudad muy atractiva durante el invierno. En esta \u00e9poca del a\u00f1o, es posible<strong>&nbsp;disfrutar de los vinos de la regi\u00f3n, aprovechar la nieve y practicar deportes de invierno&#8221;<\/strong><\/em>, agreg\u00f3 el ejecutivo.<\/p>\n\n\n\n<p>Por \u00faltimo,<strong>\u00a0Sergio Rinaldo<\/strong>, gerente regional de Aeropuertos Argentina, tambi\u00e9n dio cuenta de las virtudes que ofrece esta flamante opci\u00f3n:<em>\u00a0&#8220;Nos conectamos con un nuevo destino y eso es importante, porque son pasajeros nuevos, se renueva el flujo de pasajeros hacia y desde la provincia&#8221;.<\/em><\/p>\n\n\n\n<p>Historia sobre Azul<\/p>\n\n\n\n<p><strong>Azul SA&nbsp;<\/strong>es la mayor aerol\u00ednea de Brasil en cuanto a n\u00famero de vuelos y ciudades atendidas, dado que ofrece<strong>&nbsp;900 vuelos diarios<\/strong>&nbsp;a m\u00e1s de 150 destinos. Con una flota operativa de m\u00e1s de 200 aeronaves y m\u00e1s de 15 mil tripulantes, la compa\u00f1\u00eda cuenta con una red de 300 rutas directas.<\/p>\n\n\n\n<p>Es menester destacar que Azul fue elegida por Cirium -empresa l\u00edder en an\u00e1lisis de datos de aviaci\u00f3n- como la&nbsp;<strong>segunda aerol\u00ednea m\u00e1s puntual del mundo en 2023<\/strong>.&nbsp;<\/p>\n\n\n\n<p>Tambi\u00e9n esta compa\u00f1\u00eda recibi\u00f3 otra distinci\u00f3n en 2020, dado que fue premiada como<strong>\u00a0la mejor aerol\u00ednea del mundo por TripAdvisor<\/strong>, siendo la primera vez que una aerol\u00ednea brasile\u00f1a obtuvo el primer lugar en los\u00a0<em>Traveller&#8217;s Choice Awards<\/em>.<\/p>\n\n\n\n<p><strong>Fuente: www.mendozapost.com<\/strong><\/p>\n","protected":false},"excerpt":{"rendered":"<p>Este martes la aerol\u00ednea brasilera\u00a0Azul, una de las m\u00e1s importantes de aquel pa\u00eds, efectu\u00f3 su primer vuelo de la flamante ruta a\u00e9rea que conecta\u00a0Campinas,\u00a0en el Estado de S\u00e3o Paulo a 90 kil\u00f3metros del centro hist\u00f3rico paulista,\u00a0y Mendoza,\u00a0enel Aeropuerto Internacional El Plumerillo. Seg\u00fan han informado desde la compa\u00f1\u00eda, la operaci\u00f3n&nbsp;ser\u00e1 estacional, entre junio y agosto, y [&hellip;]<\/p>\n","protected":false},"author":2,"featured_media":13520,"comment_status":"open","ping_status":"open","sticky":false,"template":"","format":"standard","meta":[],"categories":[50],"tags":[],"_links":{"self":[{"href":"https:\/\/pasaenmendoza.com\/index.php?rest_route=\/wp\/v2\/posts\/13519"}],"collection":[{"href":"https:\/\/pasaenmendoza.com\/index.php?rest_route=\/wp\/v2\/posts"}],"about":[{"href":"https:\/\/pasaenmendoza.com\/index.php?rest_route=\/wp\/v2\/types\/post"}],"author":[{"embeddable":true,"href":"https:\/\/pasaenmendoza.com\/index.php?rest_route=\/wp\/v2\/users\/2"}],"replies":[{"embeddable":true,"href":"https:\/\/pasaenmendoza.com\/index.php?rest_route=%2Fwp%2Fv2%2Fcomments&post=13519"}],"version-history":[{"count":1,"href":"https:\/\/pasaenmendoza.com\/index.php?rest_route=\/wp\/v2\/posts\/13519\/revisions"}],"predecessor-version":[{"id":13521,"href":"https:\/\/pasaenmendoza.com\/index.php?rest_route=\/wp\/v2\/posts\/13519\/revisions\/13521"}],"wp:featuredmedia":[{"embeddable":true,"href":"https:\/\/pasaenmendoza.com\/index.php?rest_route=\/wp\/v2\/media\/13520"}],"wp:attachment":[{"href":"https:\/\/pasaenmendoza.com\/index.php?rest_route=%2Fwp%2Fv2%2Fmedia&parent=13519"}],"wp:term":[{"taxonomy":"category","embeddable":true,"href":"https:\/\/pasaenmendoza.com\/index.php?rest_route=%2Fwp%2Fv2%2Fcategories&post=13519"},{"taxonomy":"post_tag","embeddable":true,"href":"https:\/\/pasaenmendoza.com\/index.php?rest_route=%2Fwp%2Fv2%2Ftags&post=13519"}],"curies":[{"name":"wp","href":"https:\/\/api.w.org\/{rel}","templated":true}]}}