{"id":13522,"date":"2025-06-18T15:35:43","date_gmt":"2025-06-18T13:35:43","guid":{"rendered":"https:\/\/pasaenmendoza.com\/?p=13522"},"modified":"2025-06-18T15:35:44","modified_gmt":"2025-06-18T13:35:44","slug":"guerra-iran-israel-como-el-conflicto-puede-impactar-en-la-economia-de-mendoza","status":"publish","type":"post","link":"https:\/\/pasaenmendoza.com\/?p=13522","title":{"rendered":"Guerra Ir\u00e1n \u2013 Israel: c\u00f3mo el conflicto puede impactar en la econom\u00eda de Mendoza"},"content":{"rendered":"\n<p>Mientras los misiles siguen golpeando ciudades en<strong>&nbsp;Israel e Ir\u00e1n<\/strong>, la incertidumbre ya se not\u00f3 en el mercado internacional y algunas especulaciones pronostican que el conflicto en Medio Oriente se puede extender y que sus repercusiones pueden ser mayores.<\/p>\n\n\n\n<p><strong>El escenario para Mendoza est\u00e1 intr\u00ednsecamente ligado al que se puede pronosticar para la Argentina<\/strong>, donde no se descartan desequilibrios econ\u00f3micos ni consecuencias por la postura tomada por&nbsp;<strong>Javier Milei.<\/strong><\/p>\n\n\n\n<p><em>\u201cIr\u00e1n e Israel vienen enfrent\u00e1ndose de forma indirecta hace a\u00f1os\u201d,<\/em>\u00a0subray\u00f3\u00a0<strong>Marcelo Zanettini<\/strong>, analista internacional y Miembro de la Sociedad Argentina de An\u00e1lisis Pol\u00edtico, quien adem\u00e1s indic\u00f3 que a este conflicto<em>\u00a0\u201chay que enmarcarlo en el contexto del 7 de octubre\u00a0<\/em>(fecha del ataque terrorista de Ham\u00e1s a civiles israel\u00edes)\u201d.<\/p>\n\n\n\n<p><em><strong>\u201cPara el Gobierno nacional, esta es una situaci\u00f3n de riesgo\u201d<\/strong><\/em>, asever\u00f3.<\/p>\n\n\n\n<p>A ojos del analista, esta situaci\u00f3n se agrava por los antecedentes de Ir\u00e1n con los actos&nbsp;<strong>terroristas cometidos en Argentina<\/strong>&nbsp;en la d\u00e9cada de los 90 contra la&nbsp;<strong>AMIA y la Embajada de Israel.<\/strong><\/p>\n\n\n\n<p>La actual escalada de las hostilidades sembr\u00f3 la incertidumbre no s\u00f3lo en Medio Oriente, sino en el resto del mundo, tanto por la extensi\u00f3n del conflicto b\u00e9lico como tambi\u00e9n por las repercusiones en la econom\u00eda global que depende del\u00a0<strong>petr\u00f3leo.<\/strong><\/p>\n\n\n\n<h2 class=\"wp-block-heading\" id=\"h-el-valor-del-petroleo\">El valor del petr\u00f3leo<\/h2>\n\n\n\n<p>Prueba de esto es el precio del barril de&nbsp;<strong>petr\u00f3leo<\/strong>, que viene en constante incremento desde el inicio de este mes. Seg\u00fan la plataforma<em>&nbsp;Datosmacro.com<\/em>, su valoraci\u00f3n pas\u00f3 de 64,50 d\u00f3lares el 2 de junio a 73,34 d\u00f3lares el pasado 13 de junio, momento en que comienza la guerra. Y ha mantenido ese valor a este martes.<\/p>\n\n\n\n<p>El economista Ra\u00fal Mercau indic\u00f3 que el valor del<strong>\u00a0barril de crudo\u00a0<\/strong>est\u00e1 intr\u00ednsecamente conectado con el futuro del\u00a0<strong>conflicto<\/strong>. Sostuvo que, en caso de que se llegue a una tregua, la opci\u00f3n que considera m\u00e1s posible, el precio se oscilar\u00e1 entre 70 y 74 d\u00f3lares por barril.<\/p>\n\n\n\n<p>En cambio,<strong>&nbsp;si el conflicto se mantiene activo, pero los ataques no llegan a zonas econ\u00f3micamente sensibles, el precio del barril llegar\u00eda a entre 90 y 100 d\u00f3lares.<\/strong><\/p>\n\n\n\n<p>Por \u00faltimo, Mercau destac\u00f3 que, si los bombardeos se enfocan, de forma prolongada, en la zona del<strong>\u00a0estrecho de Ormuz<\/strong>,\u00a0<strong>por donde pasa m\u00e1s del 25% del petr\u00f3leo mundial<\/strong>, el valor del barril de crudo se disparar\u00eda hasta cerca de los 130 d\u00f3lares por unidad. Mercau estima que este es el escenario menos viable.<\/p>\n\n\n\n<p>Dicho estrecho, que Ir\u00e1n comparte con Emiratos \u00c1rabes Unidos y Om\u00e1n, es una pieza clave de la econom\u00eda mundial. Ir\u00e1n sabe que, si lo mantiene bajo su control, puede presionar a las potencias mundiales.<\/p>\n\n\n\n<p>Con el paso de los d\u00edas, marcados por duros bombardeos, la posibilidad de que Ir\u00e1n cierre el paso de este estrecho est\u00e1 cobrando cada vez m\u00e1s fuerza.\u00a0<strong>Este escenario podr\u00eda disparar el precio del barril de petr\u00f3leo dr\u00e1sticamente.<\/strong><\/p>\n\n\n\n<p>Esta probabilidad fue analizada por el&nbsp;<strong>Lucas Erio,<\/strong>&nbsp;director de Hidrocarburos de Mendoza:<em><\/em><\/p>\n\n\n\n<p><em>\u201cEuropa importa petr\u00f3leo y gas natural licuado de los pa\u00edses del Golfo (Arabia Saud\u00ed, Qatar y Emiratos \u00c1rabes Unidos), gran parte del cual atraviesa el Estrecho. Si Ir\u00e1n lo bloquea, los precios mundiales del petr\u00f3leo se podr\u00edan disparar y&nbsp;<strong>Europa podr\u00eda sufrir escasez de energ\u00eda, especialmente en los pa\u00edses dependientes del combustible de Oriente Medio\u201d<\/strong><\/em>, grafic\u00f3 el funcionario.<\/p>\n\n\n\n<p>Seg\u00fan Erio, \u201c<em>el impacto directo<\/em>\u201d sobre Mendoza si este escenario llegar a producirse\u00a0<em>\u201ces limitado en el corto plazo<strong>, ya que los precios internos est\u00e1n parcialmente desacoplados del\u00a0Brent\u00a0<\/strong>y sujetos a regulaciones y condiciones de mercado internas.\u00a0<strong>S\u00f3lo ante una suba sostenida y prolongada a nivel internacional podr\u00eda haber efectos indirectos\u201d.<\/strong><\/em><\/p>\n\n\n\n<p>El Brent es un tipo de petr\u00f3leo crudo que se extrae del Mar del Norte y sirve como&nbsp;<strong>referencia internacional<\/strong>&nbsp;para el precio del petr\u00f3leo.<\/p>\n\n\n\n<p><strong>La suba del precio del petr\u00f3leo no ser\u00eda la \u00fanica, ya que, con \u00e9l tambi\u00e9n incrementar\u00eda el costo del gas licuado<\/strong>, motivado por las mismas condiciones. Sin embargo, el precio de \u00e9ste no est\u00e1 tan controlado y seguido como el del crudo.<\/p>\n\n\n\n<p>En este contexto,\u00a0<strong>los pa\u00edses que m\u00e1s se ver\u00edan perjudicados son los que son considerados\u00a0<em>\u201cimportadores netos\u201d<\/em>\u00a0de gas licuado y petr\u00f3leo, como es el caso de Argentina.<\/strong><\/p>\n\n\n\n<p>En contraparte,&nbsp;<strong>los pa\u00edses con excedentes de crudo amortizar\u00e1n mejor la crisis<\/strong>, indic\u00f3 Mercau.<\/p>\n\n\n\n<h2 class=\"wp-block-heading\" id=\"h-mas-inflacion\">M\u00e1s inflaci\u00f3n<\/h2>\n\n\n\n<p>La econom\u00eda mundial tambi\u00e9n podr\u00eda verse afectada.&nbsp;<strong>Ra\u00fal Mercau estim\u00f3 que la inflaci\u00f3n global podr\u00eda subir entre 0,5 y 1,5 puntos, dependiendo de la gravedad del conflicto.<\/strong><\/p>\n\n\n\n<p>En esta misma l\u00ednea, pronostic\u00f3 que\u00a0<strong>el crecimiento econ\u00f3mico global podr\u00eda ser reducirse entre 0,5 y 1 punto.<\/strong><\/p>\n\n\n\n<p>Argentina, adem\u00e1s de sentir la suba en el precio del combustible y en el gas, podr\u00eda presentar una paralizaci\u00f3n del riesgo pa\u00eds, por una \u201c<em>huida<\/em>\u201d a bonos m\u00e1s estables, seg\u00fan Mercau.<\/p>\n\n\n\n<p>El economista&nbsp;<strong>Daniel Garro<\/strong>&nbsp;no cree que haya grandes impactos econ\u00f3micos porque cree que el conflicto \u201c<em>no va a durar mucho<\/em>\u201c, y que con una posible tregua se mitigar\u00e1 la incertidumbre.<\/p>\n\n\n\n<p>No obstante, en caso de que finalmente se extiendan y se agraven las agresiones, Garro explic\u00f3 que<em>\u00a0\u201clos bonos estatales ya no son como antes, que eran lugares de refugio\u201d<\/em>, y subray\u00f3 que \u201c<em>eso hace que la tasa de inter\u00e9s baje<\/em>\u201c. Pese a todo, consider\u00f3 que habr\u00eda que esperar a ver la\u00a0<em>\u201creacci\u00f3n de los mercados si el conflicto dura mucho\u201d.<\/em><\/p>\n\n\n\n<p>Entre los refugios que pueden tomar accionistas ante estos desvar\u00edos del mercado, se encuentra la<strong>&nbsp;compra de criptomonedas<\/strong>, pero especialmente<strong>&nbsp;la compra de oro.<\/strong><\/p>\n\n\n\n<p>\u00c9ste \u00faltimo podr\u00eda subir su valor si se extienden las hostilidades, ya que<em>&nbsp;\u201clos inversores de oro ser\u00edan de los pocos beneficiados por el conflicto\u201d,<\/em>&nbsp;junto con los vendedores de armas, expuso Mercau.<\/p>\n\n\n\n<p><strong>El metal precioso acumula una suba del 13,8% en 2025 y del 60% en los \u00faltimos dos<br>a\u00f1os, consolid\u00e1ndose como un activo anticrisis.<\/strong><\/p>\n\n\n\n<p>El exministro de Econom\u00eda se\u00f1al\u00f3 que en Argentina podr\u00eda producirse una alza en la cotizaci\u00f3n del d\u00f3lar MEP y del Contado con Liquidaci\u00f3n.<\/p>\n\n\n\n<p><strong>Fuente: www.elsol.com.ar<\/strong><\/p>\n","protected":false},"excerpt":{"rendered":"<p>Mientras los misiles siguen golpeando ciudades en&nbsp;Israel e Ir\u00e1n, la incertidumbre ya se not\u00f3 en el mercado internacional y algunas especulaciones pronostican que el conflicto en Medio Oriente se puede extender y que sus repercusiones pueden ser mayores. El escenario para Mendoza est\u00e1 intr\u00ednsecamente ligado al que se puede pronosticar para la Argentina, donde no [&hellip;]<\/p>\n","protected":false},"author":2,"featured_media":13523,"comment_status":"open","ping_status":"open","sticky":false,"template":"","format":"standard","meta":[],"categories":[75],"tags":[],"_links":{"self":[{"href":"https:\/\/pasaenmendoza.com\/index.php?rest_route=\/wp\/v2\/posts\/13522"}],"collection":[{"href":"https:\/\/pasaenmendoza.com\/index.php?rest_route=\/wp\/v2\/posts"}],"about":[{"href":"https:\/\/pasaenmendoza.com\/index.php?rest_route=\/wp\/v2\/types\/post"}],"author":[{"embeddable":true,"href":"https:\/\/pasaenmendoza.com\/index.php?rest_route=\/wp\/v2\/users\/2"}],"replies":[{"embeddable":true,"href":"https:\/\/pasaenmendoza.com\/index.php?rest_route=%2Fwp%2Fv2%2Fcomments&post=13522"}],"version-history":[{"count":1,"href":"https:\/\/pasaenmendoza.com\/index.php?rest_route=\/wp\/v2\/posts\/13522\/revisions"}],"predecessor-version":[{"id":13524,"href":"https:\/\/pasaenmendoza.com\/index.php?rest_route=\/wp\/v2\/posts\/13522\/revisions\/13524"}],"wp:featuredmedia":[{"embeddable":true,"href":"https:\/\/pasaenmendoza.com\/index.php?rest_route=\/wp\/v2\/media\/13523"}],"wp:attachment":[{"href":"https:\/\/pasaenmendoza.com\/index.php?rest_route=%2Fwp%2Fv2%2Fmedia&parent=13522"}],"wp:term":[{"taxonomy":"category","embeddable":true,"href":"https:\/\/pasaenmendoza.com\/index.php?rest_route=%2Fwp%2Fv2%2Fcategories&post=13522"},{"taxonomy":"post_tag","embeddable":true,"href":"https:\/\/pasaenmendoza.com\/index.php?rest_route=%2Fwp%2Fv2%2Ftags&post=13522"}],"curies":[{"name":"wp","href":"https:\/\/api.w.org\/{rel}","templated":true}]}}