{"id":13525,"date":"2025-06-18T21:28:44","date_gmt":"2025-06-18T19:28:44","guid":{"rendered":"https:\/\/pasaenmendoza.com\/?p=13525"},"modified":"2025-06-18T21:28:45","modified_gmt":"2025-06-18T19:28:45","slug":"jimena-latorre-anticipo-que-una-minera-francesa-se-intereso-por-invertir-en-mendoza","status":"publish","type":"post","link":"https:\/\/pasaenmendoza.com\/?p=13525","title":{"rendered":"Jimena Latorre anticip\u00f3 que una minera francesa se interes\u00f3 por invertir en Mendoza"},"content":{"rendered":"\n<p><strong>Jimena Latorre<\/strong>\u00a0mantuvo reuniones clave en Francia este martes relacionadas con inversiones en energ\u00eda y miner\u00eda. Uno de los encuentros fue con la empresa Eramet, principal compa\u00f1\u00eda minera de ese pa\u00eds, cuyos representantes mostraron inter\u00e9s por invertir en Mendoza.<\/p>\n\n\n\n<p>As\u00ed lo explic\u00f3 la ministra de Energ\u00eda y Ambiente, que\u00a0el lunes expuso en la Cumbre Mundial de Energ\u00eda realizada en Par\u00eds. All\u00ed explic\u00f3 c\u00f3mo avanza\u00a0<strong>Mendoza\u00a0<\/strong>hacia la transici\u00f3n energ\u00e9tica de sus industrias.<\/p>\n\n\n\n<p>A Jimena Latorre la acompa\u00f1a en esta misi\u00f3n el presidente de la Empresa Mendocina de Energ\u00eda<strong>, Gerardo Rabinovich.<\/strong><\/p>\n\n\n\n<h2 class=\"wp-block-heading\">Inter\u00e9s franc\u00e9s por el futuro minero de Mendoza<\/h2>\n\n\n\n<p>La ministra<strong>\u00a0Jimena Latorre\u00a0<\/strong>mantuvo un encuentro con representantes de Eramet, considerada la principal empresa minera de Francia y una de las m\u00e1s relevantes de Europa, especializada en la extracci\u00f3n y procesamiento de minerales estrat\u00e9gicos como el<strong>\u00a0litio, el n\u00edquel y el manganeso<\/strong>, fundamentales para la\u00a0transici\u00f3n energ\u00e9tica global.<\/p>\n\n\n\n<p>Desde la firma comentaron que &#8220;vienen siguiendo el trabajo que est\u00e1 haciendo la provincia y mostraron inter\u00e9s en las oportunidades que ofrece Mendoza, tanto por su potencial geol\u00f3gico como por la estabilidad jur\u00eddica y fiscal que presenta&#8221;.<\/p>\n\n\n\n<p>\u201cEst\u00e1n muy interesados en el desarrollo de minerales como el&nbsp;<strong>litio<\/strong>, el&nbsp;<strong>n\u00edquel&nbsp;<\/strong>y el&nbsp;<strong>manganeso<\/strong>, as\u00ed como en la exploraci\u00f3n de otros recursos vinculados a la transici\u00f3n energ\u00e9tica. Mostraron un gran inter\u00e9s en conocer las oportunidades de inversi\u00f3n en Mendoza y de hecho, comprometieron una visita a la provincia para conocer m\u00e1s de cerca el trabajo que venimos haciendo\u201d, destac\u00f3 Latorre.<\/p>\n\n\n\n<p>\u201cLa empresa ya tiene actividad en Argentina, espec\u00edficamente en Salta y busca ampliar su presencia a otras provincias del pa\u00eds. Les resultaron muy atractivas las posibilidades de desarrollo en Mendoza, tanto para evaluar proyectos en curso, como para explorar asociaciones en joint venture con empresas locales o que ya est\u00e9n operando en la provincia\u201d, explic\u00f3.<\/p>\n\n\n\n<p>Latorre y Rabinovich se reunieron tambi\u00e9n con el embajador&nbsp;<strong>Jan Zaleski<\/strong>&nbsp;y su equipo de trabajo. Despu\u00e9s expusieron en un encuentro coordinado por la Embajada de Argentina en Par\u00eds sobre las oportunidades de inversi\u00f3n en energ\u00eda y miner\u00eda que presenta Mendoza ante un grupo de inversores y analistas internacionales.<\/p>\n\n\n\n<p>Participaron representantes de las siguientes empresas y organizaciones: Metals &amp; Mining; Alliance des Minerais, Min\u00e9raux et M\u00e9taux; Metals &amp; Mining; Kepler Cheuvreux; Infravia Capital Partners; RechercheBay; Starvert New Energy GmbH; Siemens Energy &amp; Siemens Gamesa France y Adionics.<\/p>\n\n\n\n<p><strong>Fuente: www.diariouno.com.ar<\/strong><\/p>\n","protected":false},"excerpt":{"rendered":"<p>Jimena Latorre\u00a0mantuvo reuniones clave en Francia este martes relacionadas con inversiones en energ\u00eda y miner\u00eda. Uno de los encuentros fue con la empresa Eramet, principal compa\u00f1\u00eda minera de ese pa\u00eds, cuyos representantes mostraron inter\u00e9s por invertir en Mendoza. As\u00ed lo explic\u00f3 la ministra de Energ\u00eda y Ambiente, que\u00a0el lunes expuso en la Cumbre Mundial de [&hellip;]<\/p>\n","protected":false},"author":2,"featured_media":13526,"comment_status":"open","ping_status":"open","sticky":false,"template":"","format":"standard","meta":[],"categories":[116],"tags":[],"_links":{"self":[{"href":"https:\/\/pasaenmendoza.com\/index.php?rest_route=\/wp\/v2\/posts\/13525"}],"collection":[{"href":"https:\/\/pasaenmendoza.com\/index.php?rest_route=\/wp\/v2\/posts"}],"about":[{"href":"https:\/\/pasaenmendoza.com\/index.php?rest_route=\/wp\/v2\/types\/post"}],"author":[{"embeddable":true,"href":"https:\/\/pasaenmendoza.com\/index.php?rest_route=\/wp\/v2\/users\/2"}],"replies":[{"embeddable":true,"href":"https:\/\/pasaenmendoza.com\/index.php?rest_route=%2Fwp%2Fv2%2Fcomments&post=13525"}],"version-history":[{"count":1,"href":"https:\/\/pasaenmendoza.com\/index.php?rest_route=\/wp\/v2\/posts\/13525\/revisions"}],"predecessor-version":[{"id":13527,"href":"https:\/\/pasaenmendoza.com\/index.php?rest_route=\/wp\/v2\/posts\/13525\/revisions\/13527"}],"wp:featuredmedia":[{"embeddable":true,"href":"https:\/\/pasaenmendoza.com\/index.php?rest_route=\/wp\/v2\/media\/13526"}],"wp:attachment":[{"href":"https:\/\/pasaenmendoza.com\/index.php?rest_route=%2Fwp%2Fv2%2Fmedia&parent=13525"}],"wp:term":[{"taxonomy":"category","embeddable":true,"href":"https:\/\/pasaenmendoza.com\/index.php?rest_route=%2Fwp%2Fv2%2Fcategories&post=13525"},{"taxonomy":"post_tag","embeddable":true,"href":"https:\/\/pasaenmendoza.com\/index.php?rest_route=%2Fwp%2Fv2%2Ftags&post=13525"}],"curies":[{"name":"wp","href":"https:\/\/api.w.org\/{rel}","templated":true}]}}