{"id":13528,"date":"2025-06-18T21:34:17","date_gmt":"2025-06-18T19:34:17","guid":{"rendered":"https:\/\/pasaenmendoza.com\/?p=13528"},"modified":"2025-06-18T21:34:18","modified_gmt":"2025-06-18T19:34:18","slug":"importante-presencia-politica-y-gremial-en-la-marcha-de-los-jubilados-en-apoyo-a-cristina-kirchner","status":"publish","type":"post","link":"https:\/\/pasaenmendoza.com\/?p=13528","title":{"rendered":"Importante presencia pol\u00edtica y gremial en la marcha de los jubilados en apoyo a Cristina Kirchner"},"content":{"rendered":"\n<p>Una importante concentraci\u00f3n de gente se produjo este mi\u00e9rcoles en la tradicional\u00a0&#8220;marcha de los jubilados&#8221;, que cuenta con la presencia pol\u00edtica (encabezados por referentes del PJ) y\u00a0<strong>gremios<\/strong>. Dijeron presente representantes del SUTE, CTA, SADOP y La Bancaria, entre otros.<\/p>\n\n\n\n<p>Se trata de una\u00a0<strong>movilizaci\u00f3n<\/strong>\u00a0at\u00edpica que se mezcla con el contexto pol\u00edtico que envuelve a la ex presidenta\u00a0<strong>Cristina Kirchner<\/strong>\u00a0y su\u00a0condena a prisi\u00f3n domiciliaria, todo en relaci\u00f3n a la marcha que tambi\u00e9n se lleva a cabo en Buenos Aires.<\/p>\n\n\n\n<p>Los jubilados volvieron a reclamar por la cobertura de medicamentos y una mejora salarial. Muchos no tienen sueldos superiores a los $300.000.<\/p>\n\n\n\n<p><strong>ATE<\/strong>, por ejemplo, no siempre fue parte de estas marchas y hoy estuvieron en la&nbsp;<strong>Plaza San Mart\u00edn<\/strong>&nbsp;de Ciudad.<\/p>\n\n\n\n<p>Por supuesto, como cada mi\u00e9rcoles, protagoniz\u00f3 la protesta la presencia de muchos&nbsp;<strong>jubilados<\/strong>.<\/p>\n\n\n\n<p>El reclamo por la condena a Cristina Kirchner se expres\u00f3 en Plaza San Mart\u00edn con m\u00e1s gente que la habitual en la marcha de los jubilados.<\/p>\n\n\n\n<h2 class=\"wp-block-heading\">Poca presencia de dirigentes kirchneristas en Mendoza<\/h2>\n\n\n\n<p>Por otra parte, tambi\u00e9n hubo gente no ligada necesariamente a un movimiento pol\u00edtico como&nbsp;<strong>comerciantes<\/strong>, por ejemplo, que se sumaron no por&nbsp;<strong>Cristina Kirchner<\/strong>, sino porque quieren marcar su descontento con el gobierno de<strong>&nbsp;Javier Milei<\/strong>.<\/p>\n\n\n\n<p>La movilizaci\u00f3n en el per\u00edmetro del Monumento a San Mart\u00edn fue m\u00e1s importante que lo habitual, marcada por la presencia de<strong>&nbsp;banderas pol\u00edticas<\/strong>, como el Movimiento Evita, las organizaciones rurales e ind\u00edgenas, entre otros que buscaron marcar una presencia en&nbsp;<strong>Mendoza<\/strong>&nbsp;en consonancia con lo que pasaba en Buenos Aires.<\/p>\n\n\n\n<p>En el<strong>&nbsp;peronismo<\/strong>&nbsp;se dividieron para hacer base en Buenos Aires, al igual que los militantes de&nbsp;<strong>La C\u00e1mpora&nbsp;<\/strong>que partieron en micros desde distintos puntos de Mendoza.<\/p>\n\n\n\n<p>Por esta situaci\u00f3n, no se vio casi la presencia de<strong>&nbsp;estudiantes universitarios&nbsp;<\/strong>o gente m\u00e1s joven en esta convocatoria que hacen mayormente los jubilados.<\/p>\n\n\n\n<p>Entre las consignas los principales reclamos apuntaban a los jueces que confirmaron la condena contra la ex vicepresidenta por la\u00a0<strong>causa Vialidad<\/strong>\u00a0y que deriv\u00f3 en la detenci\u00f3n en su casa con tobillera y la inhabilitaci\u00f3n para ser candidata.<\/p>\n\n\n\n<p><strong>Fuente: www.diariouno.com.ar<\/strong><\/p>\n","protected":false},"excerpt":{"rendered":"<p>Una importante concentraci\u00f3n de gente se produjo este mi\u00e9rcoles en la tradicional\u00a0&#8220;marcha de los jubilados&#8221;, que cuenta con la presencia pol\u00edtica (encabezados por referentes del PJ) y\u00a0gremios. Dijeron presente representantes del SUTE, CTA, SADOP y La Bancaria, entre otros. Se trata de una\u00a0movilizaci\u00f3n\u00a0at\u00edpica que se mezcla con el contexto pol\u00edtico que envuelve a la ex [&hellip;]<\/p>\n","protected":false},"author":2,"featured_media":13529,"comment_status":"open","ping_status":"open","sticky":false,"template":"","format":"standard","meta":[],"categories":[47],"tags":[],"_links":{"self":[{"href":"https:\/\/pasaenmendoza.com\/index.php?rest_route=\/wp\/v2\/posts\/13528"}],"collection":[{"href":"https:\/\/pasaenmendoza.com\/index.php?rest_route=\/wp\/v2\/posts"}],"about":[{"href":"https:\/\/pasaenmendoza.com\/index.php?rest_route=\/wp\/v2\/types\/post"}],"author":[{"embeddable":true,"href":"https:\/\/pasaenmendoza.com\/index.php?rest_route=\/wp\/v2\/users\/2"}],"replies":[{"embeddable":true,"href":"https:\/\/pasaenmendoza.com\/index.php?rest_route=%2Fwp%2Fv2%2Fcomments&post=13528"}],"version-history":[{"count":1,"href":"https:\/\/pasaenmendoza.com\/index.php?rest_route=\/wp\/v2\/posts\/13528\/revisions"}],"predecessor-version":[{"id":13530,"href":"https:\/\/pasaenmendoza.com\/index.php?rest_route=\/wp\/v2\/posts\/13528\/revisions\/13530"}],"wp:featuredmedia":[{"embeddable":true,"href":"https:\/\/pasaenmendoza.com\/index.php?rest_route=\/wp\/v2\/media\/13529"}],"wp:attachment":[{"href":"https:\/\/pasaenmendoza.com\/index.php?rest_route=%2Fwp%2Fv2%2Fmedia&parent=13528"}],"wp:term":[{"taxonomy":"category","embeddable":true,"href":"https:\/\/pasaenmendoza.com\/index.php?rest_route=%2Fwp%2Fv2%2Fcategories&post=13528"},{"taxonomy":"post_tag","embeddable":true,"href":"https:\/\/pasaenmendoza.com\/index.php?rest_route=%2Fwp%2Fv2%2Ftags&post=13528"}],"curies":[{"name":"wp","href":"https:\/\/api.w.org\/{rel}","templated":true}]}}