{"id":13548,"date":"2025-06-19T16:22:37","date_gmt":"2025-06-19T14:22:37","guid":{"rendered":"https:\/\/pasaenmendoza.com\/?p=13548"},"modified":"2025-06-19T16:22:38","modified_gmt":"2025-06-19T14:22:38","slug":"que-se-sabe-de-la-amenaza-de-un-alumno-armado-a-una-docente","status":"publish","type":"post","link":"https:\/\/pasaenmendoza.com\/?p=13548","title":{"rendered":"Qu\u00e9 se sabe de la amenaza de un alumno armado a una docente"},"content":{"rendered":"\n<p>La investigaci\u00f3n sobre el hecho que involucra a la\u00a0<strong>Escuela Cacique Guaymall\u00e9n<\/strong>\u00a0contin\u00faa en desarrollo,\u00a0tras la alarma\u00a0generada por un video en el que\u00a0<strong>un alumno aparentemente gatillaba un arma y dirig\u00eda una amenaza a una docente<\/strong>.\u00a0<\/p>\n\n\n\n<p>Seg\u00fan informaron al<em>\u00a0Post<\/em>\u00a0fuentes oficiales,\u00a0 la\u00a0Direcci\u00f3n de Educaci\u00f3n Secundaria\u00a0tom\u00f3 conocimiento del caso y formaliz\u00f3 la denuncia ante la\u00a0<strong>Direcci\u00f3n General de Escuelas (DGE).\u00a0<\/strong><\/p>\n\n\n\n<p>Desde el martes, la escuela cuenta con custodia policial, medida adoptada para proteger a la comunidad educativa. Adem\u00e1s,&nbsp;<strong>se est\u00e1n realizando reuniones con equipos de orientaci\u00f3n<\/strong>&nbsp;y estudiantes para abordar el tema y brindar apoyo.<\/p>\n\n\n\n<p>Aunque inicialmente se mencion\u00f3 que la<strong>\u00a0DGE<\/strong>\u00a0no hab\u00eda recibido una comunicaci\u00f3n oficial, las autoridades ya est\u00e1n interviniendo para investigar el hecho.<\/p>\n\n\n\n<p>Sin embargo, a\u00fan no hay un alumno identificado como responsable del video, tal como inform\u00f3 este diario a partir del m\u00f3vil del periodista\u00a0<strong>Juli\u00e1n Chabert<\/strong>\u00a0para<strong>\u00a0Radio Post<\/strong>\u00a0(92.1 en el Gran Mendoza, 96.9 en Luj\u00e1n de Cuyo, 100.1 en San Mart\u00edn y 96.7 en La Paz).\u00a0<\/p>\n\n\n\n<p>Hasta el momento, lo que se sabe es que la docente que recibi\u00f3 el mensaje dicta clases en varias escuelas, pero fuentes del caso argumentan que el n\u00famero telef\u00f3nico que aparece en el video no coincidir\u00eda con los registros\u00a0 vinculados a los estudiantes de la instituci\u00f3n, por lo que esta informaci\u00f3n contin\u00faa siendo analizada.\u00a0<\/p>\n\n\n\n<p>De esta manera,\u00a0 la incertidumbre persiste mientras la comunidad educativa espera las medidas a tomar y busca soluciones que garanticen un ambiente seguro y de contenci\u00f3n.<\/p>\n\n\n\n<p><strong>Fuente: www.mendozapost.com<\/strong><\/p>\n","protected":false},"excerpt":{"rendered":"<p>La investigaci\u00f3n sobre el hecho que involucra a la\u00a0Escuela Cacique Guaymall\u00e9n\u00a0contin\u00faa en desarrollo,\u00a0tras la alarma\u00a0generada por un video en el que\u00a0un alumno aparentemente gatillaba un arma y dirig\u00eda una amenaza a una docente.\u00a0 Seg\u00fan informaron al\u00a0Post\u00a0fuentes oficiales,\u00a0 la\u00a0Direcci\u00f3n de Educaci\u00f3n Secundaria\u00a0tom\u00f3 conocimiento del caso y formaliz\u00f3 la denuncia ante la\u00a0Direcci\u00f3n General de Escuelas (DGE).\u00a0 Desde [&hellip;]<\/p>\n","protected":false},"author":2,"featured_media":13549,"comment_status":"open","ping_status":"open","sticky":false,"template":"","format":"standard","meta":[],"categories":[48],"tags":[],"_links":{"self":[{"href":"https:\/\/pasaenmendoza.com\/index.php?rest_route=\/wp\/v2\/posts\/13548"}],"collection":[{"href":"https:\/\/pasaenmendoza.com\/index.php?rest_route=\/wp\/v2\/posts"}],"about":[{"href":"https:\/\/pasaenmendoza.com\/index.php?rest_route=\/wp\/v2\/types\/post"}],"author":[{"embeddable":true,"href":"https:\/\/pasaenmendoza.com\/index.php?rest_route=\/wp\/v2\/users\/2"}],"replies":[{"embeddable":true,"href":"https:\/\/pasaenmendoza.com\/index.php?rest_route=%2Fwp%2Fv2%2Fcomments&post=13548"}],"version-history":[{"count":1,"href":"https:\/\/pasaenmendoza.com\/index.php?rest_route=\/wp\/v2\/posts\/13548\/revisions"}],"predecessor-version":[{"id":13550,"href":"https:\/\/pasaenmendoza.com\/index.php?rest_route=\/wp\/v2\/posts\/13548\/revisions\/13550"}],"wp:featuredmedia":[{"embeddable":true,"href":"https:\/\/pasaenmendoza.com\/index.php?rest_route=\/wp\/v2\/media\/13549"}],"wp:attachment":[{"href":"https:\/\/pasaenmendoza.com\/index.php?rest_route=%2Fwp%2Fv2%2Fmedia&parent=13548"}],"wp:term":[{"taxonomy":"category","embeddable":true,"href":"https:\/\/pasaenmendoza.com\/index.php?rest_route=%2Fwp%2Fv2%2Fcategories&post=13548"},{"taxonomy":"post_tag","embeddable":true,"href":"https:\/\/pasaenmendoza.com\/index.php?rest_route=%2Fwp%2Fv2%2Ftags&post=13548"}],"curies":[{"name":"wp","href":"https:\/\/api.w.org\/{rel}","templated":true}]}}