{"id":13551,"date":"2025-06-20T00:12:58","date_gmt":"2025-06-19T22:12:58","guid":{"rendered":"https:\/\/pasaenmendoza.com\/?p=13551"},"modified":"2025-06-20T00:13:28","modified_gmt":"2025-06-19T22:13:28","slug":"mema-estimo-que-el-viaje-del-tren-de-cercania-demorara-unos-40-minutos-en-conectar-maipu-y-junin","status":"publish","type":"post","link":"https:\/\/pasaenmendoza.com\/?p=13551","title":{"rendered":"Mema estim\u00f3 que el viaje del Tren de Cercan\u00eda demorar\u00e1 unos 40 minutos en conectar Maip\u00fa y Jun\u00edn"},"content":{"rendered":"\n<p>El ministro de Gobierno y Desarrollo Territorial,&nbsp;<strong>Natalio Mema<\/strong>, dio m\u00e1s detalles del proyecto para poner en marcha el&nbsp;Tren de Cercan\u00eda&nbsp;que unir\u00e1 el Este con Maip\u00fa aprovechando las v\u00edas del antiguo ferrocarril, que hoy utiliza Belgrano Cargas. El tren demorar\u00e1&nbsp;<strong>40 minutos<\/strong>&nbsp;en hacer el recorrido desde Jun\u00edn a Maip\u00fa y ser\u00e1 m\u00e1s caro que el transporte p\u00fablico porque lo que se busca es que desaliente el uso del auto.<\/p>\n\n\n\n<p>Mema indic\u00f3 en declaraciones que la idea es que el recorrido dure entre\u00a0<strong>35 y 40 minutos.<\/strong><\/p>\n\n\n\n<p>&#8220;Van a ser trenes nuevos. El problema&nbsp;<strong>son las v\u00edas<\/strong>, por eso no funcion\u00f3 el tren de Alberto (por el ex presidente Alberto Fern\u00e1ndez) porque la infraestructura era muy vieja. La&nbsp;<strong>v\u00eda estaba destrozada y<\/strong>&nbsp;no se pod\u00eda andar a m\u00e1s de 30 kil\u00f3metros por hora. De ah\u00ed que se viene una inversi\u00f3n fuerte de&nbsp;<strong>100 millones de d\u00f3lares<\/strong>&#8220;, destac\u00f3 el ministro.<\/p>\n\n\n\n<h2 class=\"wp-block-heading\">C\u00f3mo se financiar\u00e1 la puesta en marcha del Tren de Cercan\u00eda<\/h2>\n\n\n\n<p>Mema explic\u00f3 que la mejora de la infraestructura del tren se financiar\u00e1 por una parte con el<strong>&nbsp;Fondo del Resarcimiento&nbsp;<\/strong>y otra parte, con fondos del sector privado.<\/p>\n\n\n\n<p>&#8220;Lo que estamos analizando es que haya una&nbsp;<strong>recuperaci\u00f3n&nbsp;<\/strong>por parte del privado de su inversi\u00f3n. Despu\u00e9s del convenio que hagamos con&nbsp;<strong>Belgrano Cargas&nbsp;<\/strong>ah\u00ed vamos a estudiar qu\u00e9 propuestas recibimos&#8221;, agreg\u00f3.<\/p>\n\n\n\n<p>Todav\u00eda no hay precisiones de la fecha de convocatoria a licitaci\u00f3n para la realizaci\u00f3n de la intervenci\u00f3n en&nbsp;<strong>35 kil\u00f3metros de la v\u00eda<\/strong>.<\/p>\n\n\n\n<p>Sobre las caracter\u00edsticas que tendr\u00e1 el transporte, mencion\u00f3 que ser\u00e1n<strong>&nbsp;triplas.<\/strong><\/p>\n\n\n\n<p>&#8220;En un comienzo estamos pensando en trenes nuevos que tendr\u00e1n dos locomotoras y un vag\u00f3n en el medio y esto nos va a dar la capacidad deseada para transportar pasajeros&#8221;, precis\u00f3 Mema en declaraciones al programa Primeras Voces.<\/p>\n\n\n\n<p>El objetivo es que los inversores recuperen su aporte y adem\u00e1s que se descomprima el tr\u00e1nsito entre el&nbsp;<strong>Este y el Gran Mendoza<\/strong>.<\/p>\n\n\n\n<p><strong>Fuente: www.diariouno.com.ar<\/strong><\/p>\n","protected":false},"excerpt":{"rendered":"<p>El ministro de Gobierno y Desarrollo Territorial,&nbsp;Natalio Mema, dio m\u00e1s detalles del proyecto para poner en marcha el&nbsp;Tren de Cercan\u00eda&nbsp;que unir\u00e1 el Este con Maip\u00fa aprovechando las v\u00edas del antiguo ferrocarril, que hoy utiliza Belgrano Cargas. El tren demorar\u00e1&nbsp;40 minutos&nbsp;en hacer el recorrido desde Jun\u00edn a Maip\u00fa y ser\u00e1 m\u00e1s caro que el transporte p\u00fablico [&hellip;]<\/p>\n","protected":false},"author":2,"featured_media":13552,"comment_status":"open","ping_status":"open","sticky":false,"template":"","format":"standard","meta":[],"categories":[47],"tags":[],"_links":{"self":[{"href":"https:\/\/pasaenmendoza.com\/index.php?rest_route=\/wp\/v2\/posts\/13551"}],"collection":[{"href":"https:\/\/pasaenmendoza.com\/index.php?rest_route=\/wp\/v2\/posts"}],"about":[{"href":"https:\/\/pasaenmendoza.com\/index.php?rest_route=\/wp\/v2\/types\/post"}],"author":[{"embeddable":true,"href":"https:\/\/pasaenmendoza.com\/index.php?rest_route=\/wp\/v2\/users\/2"}],"replies":[{"embeddable":true,"href":"https:\/\/pasaenmendoza.com\/index.php?rest_route=%2Fwp%2Fv2%2Fcomments&post=13551"}],"version-history":[{"count":2,"href":"https:\/\/pasaenmendoza.com\/index.php?rest_route=\/wp\/v2\/posts\/13551\/revisions"}],"predecessor-version":[{"id":13554,"href":"https:\/\/pasaenmendoza.com\/index.php?rest_route=\/wp\/v2\/posts\/13551\/revisions\/13554"}],"wp:featuredmedia":[{"embeddable":true,"href":"https:\/\/pasaenmendoza.com\/index.php?rest_route=\/wp\/v2\/media\/13552"}],"wp:attachment":[{"href":"https:\/\/pasaenmendoza.com\/index.php?rest_route=%2Fwp%2Fv2%2Fmedia&parent=13551"}],"wp:term":[{"taxonomy":"category","embeddable":true,"href":"https:\/\/pasaenmendoza.com\/index.php?rest_route=%2Fwp%2Fv2%2Fcategories&post=13551"},{"taxonomy":"post_tag","embeddable":true,"href":"https:\/\/pasaenmendoza.com\/index.php?rest_route=%2Fwp%2Fv2%2Ftags&post=13551"}],"curies":[{"name":"wp","href":"https:\/\/api.w.org\/{rel}","templated":true}]}}