{"id":13555,"date":"2025-06-20T00:18:09","date_gmt":"2025-06-19T22:18:09","guid":{"rendered":"https:\/\/pasaenmendoza.com\/?p=13555"},"modified":"2025-06-20T00:18:10","modified_gmt":"2025-06-19T22:18:10","slug":"el-curioso-error-por-el-que-partido-justicialista-aun-espera-la-aprobacion-de-su-congreso","status":"publish","type":"post","link":"https:\/\/pasaenmendoza.com\/?p=13555","title":{"rendered":"El curioso error por el que Partido Justicialista a\u00fan espera la aprobaci\u00f3n de su congreso"},"content":{"rendered":"\n<p>El\u00a0<strong>Partido Justicialista\u00a0(PJ)<\/strong>\u00a0espera la aprobaci\u00f3n de su congreso partidario por parte de la Justicia Electoral. La misma se demor\u00f3 un par de d\u00edas m\u00e1s que\u00a0la de la Uni\u00f3n C\u00edvica Radical\u00a0\u2013aunque se celebraron el mismo s\u00e1bado- por un curioso error que cometi\u00f3 el peronismo a la hora de hacer la presentaci\u00f3n ante el Juzgado Federal N\u00ba1.<\/p>\n\n\n\n<p>Al momento de acompa\u00f1ar las actas del congreso extraordinario, el texto de la&nbsp;<strong>Carta Org\u00e1nica<\/strong>&nbsp;que se adjunt\u00f3 no era el actual, sino uno anterior; por lo que la jueza electoral Susana Pravata advirti\u00f3 de la falta a los apoderados del&nbsp;<strong>PJ<\/strong>&nbsp;que, tras ser notificados, subsanaron el error.<\/p>\n\n\n\n<p>Teniendo en cuenta la proximidad del feriado largo, en el\u00a0<strong>peronismo<\/strong>\u00a0esperan que el prove\u00eddo con la aprobaci\u00f3n de las modificaciones al texto partidario salga este mismo jueves.<\/p>\n\n\n\n<h2 class=\"wp-block-heading\"><strong>Internas, frentes y acuerdos: las modificaciones que el Partido Justicialista hizo en el congreso<\/strong><\/h2>\n\n\n\n<p>El Juzgado federal con competencia electoral en Mendoza tuvo como presente el acta del congreso partidario extraordinario que se celebr\u00f3 el pasado 31 de mayo, en el que se modific\u00f3 la carta org\u00e1nica del\u00a0<strong>PJ<\/strong>\u00a0para acomodarla a lo dispuesto por la Acordada Extraordinaria CNE 37\/2025, ante la\u00a0suspensi\u00f3n de las\u00a0<strong>PASO\u00a0<\/strong>nacionales.<\/p>\n\n\n\n<p>Ese d\u00eda, el peronismo acord\u00f3 mecanismos transitorios para seleccionar candidatos para las&nbsp;<strong>elecciones 2025<\/strong>&nbsp;y 2026, si es que se realizaran el a\u00f1o que viene.<\/p>\n\n\n\n<p>Principalmente, se pact\u00f3 la definici\u00f3n mediante internas abiertas a afiliados e independientes. Aunque tambi\u00e9n se autoriz\u00f3 a la mesa ejecutiva del&nbsp;<strong>congreso partidario&nbsp;<\/strong>a conformar frentes, federaciones y\/o alianzas con otros partidos pol\u00edticos.<\/p>\n\n\n\n<figure class=\"wp-block-image\"><img decoding=\"async\" src=\"https:\/\/media.diariouno.com.ar\/p\/be85000ebca7ec1093c29a2ad03dee33\/adjuntos\/298\/imagenes\/009\/575\/0009575219\/1200x0\/smart\/carta-organica-partido-justicialista-modificaciones-pasojpg.jpg\" alt=\"\" title=\"\"\/><\/figure>\n\n\n\n<p>En otro de los art\u00edculos incorporados como disposiciones transitorias, se autoriz\u00f3 a los \u201cafiliados del&nbsp;<strong>Partido Justicialista&nbsp;<\/strong>a integrar listas de otros partidos con la condici\u00f3n necesaria y excluyente que estos partidos hayan conformado frente, federaci\u00f3n y\/o alianza con el Partido Justicialista\u201d.<\/p>\n\n\n\n<p>Y a su vez, a quienes \u201csean afiliados a otros partidos pol\u00edticos a integrar las listas de candidatos del Partido Justicialista, con la condici\u00f3n necesaria y excluyente que estos partidos hayan conformado, frente, federaci\u00f3n y\/o alianza con el\u00a0<strong>Partido Justicialista<\/strong>\u201d.<\/p>\n\n\n\n<p><strong>Fuente: www.diariouno.com.ar<\/strong><\/p>\n","protected":false},"excerpt":{"rendered":"<p>El\u00a0Partido Justicialista\u00a0(PJ)\u00a0espera la aprobaci\u00f3n de su congreso partidario por parte de la Justicia Electoral. La misma se demor\u00f3 un par de d\u00edas m\u00e1s que\u00a0la de la Uni\u00f3n C\u00edvica Radical\u00a0\u2013aunque se celebraron el mismo s\u00e1bado- por un curioso error que cometi\u00f3 el peronismo a la hora de hacer la presentaci\u00f3n ante el Juzgado Federal N\u00ba1. Al [&hellip;]<\/p>\n","protected":false},"author":2,"featured_media":13556,"comment_status":"open","ping_status":"open","sticky":false,"template":"","format":"standard","meta":[],"categories":[47],"tags":[],"_links":{"self":[{"href":"https:\/\/pasaenmendoza.com\/index.php?rest_route=\/wp\/v2\/posts\/13555"}],"collection":[{"href":"https:\/\/pasaenmendoza.com\/index.php?rest_route=\/wp\/v2\/posts"}],"about":[{"href":"https:\/\/pasaenmendoza.com\/index.php?rest_route=\/wp\/v2\/types\/post"}],"author":[{"embeddable":true,"href":"https:\/\/pasaenmendoza.com\/index.php?rest_route=\/wp\/v2\/users\/2"}],"replies":[{"embeddable":true,"href":"https:\/\/pasaenmendoza.com\/index.php?rest_route=%2Fwp%2Fv2%2Fcomments&post=13555"}],"version-history":[{"count":1,"href":"https:\/\/pasaenmendoza.com\/index.php?rest_route=\/wp\/v2\/posts\/13555\/revisions"}],"predecessor-version":[{"id":13557,"href":"https:\/\/pasaenmendoza.com\/index.php?rest_route=\/wp\/v2\/posts\/13555\/revisions\/13557"}],"wp:featuredmedia":[{"embeddable":true,"href":"https:\/\/pasaenmendoza.com\/index.php?rest_route=\/wp\/v2\/media\/13556"}],"wp:attachment":[{"href":"https:\/\/pasaenmendoza.com\/index.php?rest_route=%2Fwp%2Fv2%2Fmedia&parent=13555"}],"wp:term":[{"taxonomy":"category","embeddable":true,"href":"https:\/\/pasaenmendoza.com\/index.php?rest_route=%2Fwp%2Fv2%2Fcategories&post=13555"},{"taxonomy":"post_tag","embeddable":true,"href":"https:\/\/pasaenmendoza.com\/index.php?rest_route=%2Fwp%2Fv2%2Ftags&post=13555"}],"curies":[{"name":"wp","href":"https:\/\/api.w.org\/{rel}","templated":true}]}}