{"id":13561,"date":"2025-06-20T00:26:39","date_gmt":"2025-06-19T22:26:39","guid":{"rendered":"https:\/\/pasaenmendoza.com\/?p=13561"},"modified":"2025-06-20T00:26:40","modified_gmt":"2025-06-19T22:26:40","slug":"garcia-salazar-vamos-a-agilizar-la-inversion-para-equipar-el-100-de-las-escuelas","status":"publish","type":"post","link":"https:\/\/pasaenmendoza.com\/?p=13561","title":{"rendered":"Garc\u00eda Salazar: &#8220;Vamos a agilizar la inversi\u00f3n para equipar el 100% de las escuelas&#8221;"},"content":{"rendered":"\n<p>El ministro de Educaci\u00f3n, Cultura, Infancias y\u00a0<strong>DGE<\/strong>,\u00a0<strong>Tadeo Garc\u00eda Zalazar<\/strong>, se present\u00f3 este jueves ante la C\u00e1mara de Diputados de la Legislatura para brindar detalles sobre el pedido de financiamiento educativo para la\u00a0<strong>transformaci\u00f3n digital<\/strong>\u00a0del sistema educativo mendocino.<\/p>\n\n\n\n<p>La exposici\u00f3n se desarroll\u00f3 en el anexo de la C\u00e1mara de Diputados con los ministros de Salud y Deportes, Rodolfo Montero, y de Hacienda, V\u00edctor Fayad.<\/p>\n\n\n\n<p>D\u00edas atr\u00e1s, el Gobierno de Mendoza envi\u00f3 a la Legislatura&nbsp;<strong>un proyecto de ley que solicita autorizaci\u00f3n para gestionar financiamiento con organismos multilaterales de cr\u00e9dito, por un total de 160 millones de d\u00f3lares en total, destinados a profundizar la transformaci\u00f3n digital de los sistemas educativo (75 millones) y sanitario (85 millones)<\/strong>.<\/p>\n\n\n\n<p>Esta iniciativa busca dotar de mayor escala, sostenibilidad y respaldo normativo a dos l\u00edneas estrat\u00e9gicas de la gesti\u00f3n: el programa Edutec y el nuevo Plan Estrat\u00e9gico de Alfabetizaci\u00f3n y Desarrollo de las Habilidades Matem\u00e1ticas de Mendoza (PEAMM).<\/p>\n\n\n\n<p>\u201cHemos hecho un pedido de financiamiento por 75 millones de d\u00f3lares\u00a0<strong>para agilizar todo el proceso de inversi\u00f3n tecnol\u00f3gica para equipar el 100 por ciento de las\u00a0escuelas.<\/strong>\u00a0No solo es tecnolog\u00eda, sino tambi\u00e9n conectividad, capacitaci\u00f3n docente, uso de licencias y la aplicaci\u00f3n de las nuevas plataformas. Ya empezamos por medio del programa llamado Edutec en 100 escuelas primarias para matem\u00e1tica y en 150 escuelas secundarias para matem\u00e1tica, lengua y ciencias y tambi\u00e9n vamos a comenzar con el nivel Superior\u201d, cont\u00f3 Garc\u00eda Zalazar.<\/p>\n\n\n\n<h3 class=\"wp-block-heading\"><strong>Para acelerar los aprendizajes<\/strong><\/h3>\n\n\n\n<p>Asimismo, el titular de la DGE destac\u00f3 que ser\u00e1 una inversi\u00f3n importante para\u00a0<strong>Mendoza<\/strong>, porque la tecnolog\u00eda debe ser transversal y los estudiantes, con el uso de Inteligencia Artificial, para que los estudiantes puedan acelerar los aprendizajes todos adaptados a las curr\u00edculas de Mendoza.<\/p>\n\n\n\n<p>Recordemos que esta iniciativa busca mejorar la calidad de los servicios, reducir brechas de acceso y fortalecer la infraestructura tecnol\u00f3gica de una forma inclusiva y territorial. Esta pol\u00edtica ya se encuentra en marcha. En abril, el Ministerio de Educaci\u00f3n, Cultura, Infancias y DGE cre\u00f3 la Unidad de Innovaci\u00f3n e Implementaci\u00f3n Tecnol\u00f3gica, responsable de distribuir y gestionar el equipamiento tecnol\u00f3gico adquirido, y de planificar las pr\u00f3ximas etapas de implementaci\u00f3n.<\/p>\n\n\n\n<p>Por otra parte, la segunda iniciativa legislativa transforma el actual Plan Estrat\u00e9gico de Alfabetizaci\u00f3n en un nuevo Plan Estrat\u00e9gico de Alfabetizaci\u00f3n y Desarrollo de las Habilidades Matem\u00e1ticas de Mendoza (PEAMM), con el objetivo de consolidar aprendizajes fundamentales desde la primera infancia hasta el nivel secundario.<\/p>\n\n\n\n<p><strong>Fuente: www.diariomendoza.com.ar<\/strong><\/p>\n","protected":false},"excerpt":{"rendered":"<p>El ministro de Educaci\u00f3n, Cultura, Infancias y\u00a0DGE,\u00a0Tadeo Garc\u00eda Zalazar, se present\u00f3 este jueves ante la C\u00e1mara de Diputados de la Legislatura para brindar detalles sobre el pedido de financiamiento educativo para la\u00a0transformaci\u00f3n digital\u00a0del sistema educativo mendocino. La exposici\u00f3n se desarroll\u00f3 en el anexo de la C\u00e1mara de Diputados con los ministros de Salud y Deportes, [&hellip;]<\/p>\n","protected":false},"author":2,"featured_media":13562,"comment_status":"open","ping_status":"open","sticky":false,"template":"","format":"standard","meta":[],"categories":[56],"tags":[],"_links":{"self":[{"href":"https:\/\/pasaenmendoza.com\/index.php?rest_route=\/wp\/v2\/posts\/13561"}],"collection":[{"href":"https:\/\/pasaenmendoza.com\/index.php?rest_route=\/wp\/v2\/posts"}],"about":[{"href":"https:\/\/pasaenmendoza.com\/index.php?rest_route=\/wp\/v2\/types\/post"}],"author":[{"embeddable":true,"href":"https:\/\/pasaenmendoza.com\/index.php?rest_route=\/wp\/v2\/users\/2"}],"replies":[{"embeddable":true,"href":"https:\/\/pasaenmendoza.com\/index.php?rest_route=%2Fwp%2Fv2%2Fcomments&post=13561"}],"version-history":[{"count":1,"href":"https:\/\/pasaenmendoza.com\/index.php?rest_route=\/wp\/v2\/posts\/13561\/revisions"}],"predecessor-version":[{"id":13563,"href":"https:\/\/pasaenmendoza.com\/index.php?rest_route=\/wp\/v2\/posts\/13561\/revisions\/13563"}],"wp:featuredmedia":[{"embeddable":true,"href":"https:\/\/pasaenmendoza.com\/index.php?rest_route=\/wp\/v2\/media\/13562"}],"wp:attachment":[{"href":"https:\/\/pasaenmendoza.com\/index.php?rest_route=%2Fwp%2Fv2%2Fmedia&parent=13561"}],"wp:term":[{"taxonomy":"category","embeddable":true,"href":"https:\/\/pasaenmendoza.com\/index.php?rest_route=%2Fwp%2Fv2%2Fcategories&post=13561"},{"taxonomy":"post_tag","embeddable":true,"href":"https:\/\/pasaenmendoza.com\/index.php?rest_route=%2Fwp%2Fv2%2Ftags&post=13561"}],"curies":[{"name":"wp","href":"https:\/\/api.w.org\/{rel}","templated":true}]}}