{"id":13564,"date":"2025-06-23T16:14:48","date_gmt":"2025-06-23T14:14:48","guid":{"rendered":"https:\/\/pasaenmendoza.com\/?p=13564"},"modified":"2025-06-23T16:14:49","modified_gmt":"2025-06-23T14:14:49","slug":"mendoza-congelada-temperaturas-bajo-cero-en-el-lunes-mas-frio-en-lo-que-va-del-ano","status":"publish","type":"post","link":"https:\/\/pasaenmendoza.com\/?p=13564","title":{"rendered":"Mendoza congelada: temperaturas bajo cero en el lunes m\u00e1s fr\u00edo en lo que va del a\u00f1o"},"content":{"rendered":"\n<p>El invierno lleg\u00f3 con mucho fr\u00edo a Mendoza.&nbsp;<strong>Con temperaturas bajo cero, este lunes se transform\u00f3 en el m\u00e1s fr\u00edo en lo que va del a\u00f1o<\/strong>.<\/p>\n\n\n\n<p>La m\u00ednima ser\u00e1 de -2 grados y la m\u00e1xima podr\u00eda llegar a los 13.<\/p>\n\n\n\n<p>Adem\u00e1s, para esta jornada el Servicio Meteorol\u00f3gico Nacional (SMN) posicion\u00f3 a&nbsp;<strong>Mendoza<\/strong>&nbsp;como una de las provincias con&nbsp;<strong>temperaturas extremas por fr\u00edo.<\/strong>&nbsp;El fen\u00f3meno se registrar\u00e1 en gran parte del territorio provincial.<\/p>\n\n\n\n<p>A nivel nacional tambi\u00e9n rige un alerta por temperaturas extremas y\u00a0<strong>ola polar<\/strong>, sobre todo en la regi\u00f3n central del pa\u00eds afectando a provincias como C\u00f3rdoba, San Luis, San Juan y una buena parte de<strong>\u00a0Buenos Aires.<\/strong><\/p>\n\n\n\n<p>En tanto, la Direcci\u00f3n de Contingencias Clim\u00e1ticas anunci\u00f3: \u201cPoca nubosidad y fr\u00edo con heladas generales, vientos leves del noreste. Poco nuboso en cordillera\u201d.<\/p>\n\n\n\n<p>Para el&nbsp;<strong>martes<\/strong>&nbsp;se prev\u00e9: \u201cPoca nubosidad y fr\u00edo con heladas generales, vientos leves del noreste. Poco nuboso en cordillera\u201d.&nbsp;<strong>La m\u00ednima ser\u00e1 de -1 grados y la m\u00e1xima de 16.<\/strong><\/p>\n\n\n\n<p>En tanto, para el\u00a0<strong>mi\u00e9rcoles<\/strong>\u00a0se pronostica: \u201cAlgo nublado y ventos con poco cambio de la temperatura, vientos moderados del sector sur. Poco nuboso en cordillera\u201d.\u00a0<strong>La m\u00ednima de 2 grados y la m\u00e1xima de 15.<\/strong><\/p>\n\n\n\n<p><strong>Fuente: www.elsol.com.ar<\/strong><\/p>\n","protected":false},"excerpt":{"rendered":"<p>El invierno lleg\u00f3 con mucho fr\u00edo a Mendoza.&nbsp;Con temperaturas bajo cero, este lunes se transform\u00f3 en el m\u00e1s fr\u00edo en lo que va del a\u00f1o. La m\u00ednima ser\u00e1 de -2 grados y la m\u00e1xima podr\u00eda llegar a los 13. Adem\u00e1s, para esta jornada el Servicio Meteorol\u00f3gico Nacional (SMN) posicion\u00f3 a&nbsp;Mendoza&nbsp;como una de las provincias con&nbsp;temperaturas [&hellip;]<\/p>\n","protected":false},"author":2,"featured_media":13565,"comment_status":"open","ping_status":"open","sticky":false,"template":"","format":"standard","meta":[],"categories":[52],"tags":[],"_links":{"self":[{"href":"https:\/\/pasaenmendoza.com\/index.php?rest_route=\/wp\/v2\/posts\/13564"}],"collection":[{"href":"https:\/\/pasaenmendoza.com\/index.php?rest_route=\/wp\/v2\/posts"}],"about":[{"href":"https:\/\/pasaenmendoza.com\/index.php?rest_route=\/wp\/v2\/types\/post"}],"author":[{"embeddable":true,"href":"https:\/\/pasaenmendoza.com\/index.php?rest_route=\/wp\/v2\/users\/2"}],"replies":[{"embeddable":true,"href":"https:\/\/pasaenmendoza.com\/index.php?rest_route=%2Fwp%2Fv2%2Fcomments&post=13564"}],"version-history":[{"count":1,"href":"https:\/\/pasaenmendoza.com\/index.php?rest_route=\/wp\/v2\/posts\/13564\/revisions"}],"predecessor-version":[{"id":13566,"href":"https:\/\/pasaenmendoza.com\/index.php?rest_route=\/wp\/v2\/posts\/13564\/revisions\/13566"}],"wp:featuredmedia":[{"embeddable":true,"href":"https:\/\/pasaenmendoza.com\/index.php?rest_route=\/wp\/v2\/media\/13565"}],"wp:attachment":[{"href":"https:\/\/pasaenmendoza.com\/index.php?rest_route=%2Fwp%2Fv2%2Fmedia&parent=13564"}],"wp:term":[{"taxonomy":"category","embeddable":true,"href":"https:\/\/pasaenmendoza.com\/index.php?rest_route=%2Fwp%2Fv2%2Fcategories&post=13564"},{"taxonomy":"post_tag","embeddable":true,"href":"https:\/\/pasaenmendoza.com\/index.php?rest_route=%2Fwp%2Fv2%2Ftags&post=13564"}],"curies":[{"name":"wp","href":"https:\/\/api.w.org\/{rel}","templated":true}]}}