{"id":1357,"date":"2023-09-11T15:37:56","date_gmt":"2023-09-11T13:37:56","guid":{"rendered":"https:\/\/pasaenmendoza.com\/?p=1357"},"modified":"2023-09-11T15:37:56","modified_gmt":"2023-09-11T13:37:56","slug":"la-dge-ya-tiene-las-fechas-de-inscripcion-para-el-nivel-inicial","status":"publish","type":"post","link":"https:\/\/pasaenmendoza.com\/?p=1357","title":{"rendered":"La DGE ya tiene las fechas de inscripci\u00f3n para el Nivel Inicial"},"content":{"rendered":"\n<p>Setiembre ser\u00e1 un mes decisivo para miles de&nbsp;<strong>familias mendocinas<\/strong>&nbsp;que buscan un lugar en el aula para sus chicos en el&nbsp;<strong>Nivel Inicial&nbsp;<\/strong>para el ciclo lectivo 2024.<\/p>\n\n\n\n<p>Lo primero que hay que saber es que habr\u00e1 una\u00a0<strong>preinscripci\u00f3n<\/strong>\u00a0mediante la cual los adultos responsables asistir\u00e1n, de manera presencial, para entregar la documentaci\u00f3n requerida.<\/p>\n\n\n\n<ul>\n<li>DNI del ni\u00f1o o ni\u00f1a, original y copia.<\/li>\n\n\n\n<li>Partida de nacimiento.<\/li>\n\n\n\n<li>Para estudiantes con discapacidad: certificado \u00fanico de discapacidad (CUD) o certificado del m\u00e9dico especialista.<\/li>\n\n\n\n<li>Si el ni\u00f1o o ni\u00f1a no posee DNI, se dejar\u00e1 constancia y ser\u00e1 elevada la informaci\u00f3n siguiendo la v\u00eda jer\u00e1rquica correspondiente.<\/li>\n<\/ul>\n\n\n\n<p>Para realizar la preinscripci\u00f3n, la\u00a0<strong>Direcci\u00f3n General de Escuelas<\/strong>\u00a0estableci\u00f3 el siguiente cronograma a partir de septiembre de 2023.<\/p>\n\n\n\n<p><em><mark>1- Ni\u00f1os y ni\u00f1as con prioridad: martes 26 al viernes 29 de septiembre.&nbsp;<\/mark><\/em><\/p>\n\n\n\n<p>Se consideran con prioridad ni\u00f1os y ni\u00f1as con discapacidad; hermanos y hermanas de estudiantes que asisten a la escuela en el ciclo lectivo 2023 o que articulen con el nivel primario; hijos e hijas de docentes y personal no docente del establecimiento o de aquel que articule con el nivel primario y ni\u00f1os y ni\u00f1as de jardines maternales, SEOS que articulen con la sala de 4 y que acrediten domicilio en el radio de la escuela.<\/p>\n\n\n\n<p><em><mark>2- Nuevos aspirantes: del lunes 9 al mi\u00e9rcoles 11 de octubre.<\/mark><\/em><\/p>\n\n\n\n<p>Tendr\u00e1n prioridad aquellos ni\u00f1os y ni\u00f1as que acrediten domicilio cercano a la escuela y aquellos cuyos progenitores acrediten cercan\u00eda a su domicilio laboral. Las familias deben tener en cuenta que los turnos, ma\u00f1ana o tarde, se otorgar\u00e1n seg\u00fan la disponibilidad y organizaci\u00f3n escolar, cuya decisi\u00f3n ser\u00e1 exclusiva de la directora o director del establecimiento.<\/p>\n\n\n\n<p><em><mark>Etapa de inscripci\u00f3n definitiva a cargo de los equipos directivos<\/mark><\/em><\/p>\n\n\n\n<p>La definici\u00f3n de la obtenci\u00f3n del banco estar\u00e1 a cargo de cada escuela mediante la carga de datos en el GEM de acuerdo con las vacantes disponibles y las prioridades definidas en la normativa.<\/p>\n\n\n\n<p>Las escuelas trabajar\u00e1n para definir la inscripci\u00f3n de la siguiente manera:<\/p>\n\n\n\n<p><strong>Primera Instancia: lunes 2 y martes 3 de octubre. Ni\u00f1os y ni\u00f1as con certificaci\u00f3n de discapacidad.<\/strong><\/p>\n\n\n\n<p><strong>\u2013 Segunda Instancia: mi\u00e9rcoles 4 al 6 viernes de octubre. Ni\u00f1os y ni\u00f1as con prioridad.<\/strong>&nbsp;Se consideran con prioridad ni\u00f1os y ni\u00f1as con discapacidad; hermanos y hermanas de estudiantes que asisten a la escuela en el ciclo lectivo 2023 o que articulen con el nivel primario; hijos e hijas de docentes y personal no docente del establecimiento o de aquel que articule con el nivel primario y ni\u00f1os y ni\u00f1as de jardines maternales, SEOS que articulen con la sala de 4 y que acrediten domicilio en el radio de la escuela.<\/p>\n\n\n\n<p><strong>\u2013 Tercera Instancia: jueves 12 al mi\u00e9rcoles 18 de octubre. Nuevos aspirantes.<\/strong>&nbsp;Tendr\u00e1n prioridad aquellos ni\u00f1os y ni\u00f1as que acrediten domicilio cercano a la escuela y aquellos cuyos progenitores acrediten cercan\u00eda a su domicilio laboral.<\/p>\n\n\n\n<p><strong>\u2013 Cuarta Instancia: del 1 al 30 de noviembre.Reubicaci\u00f3n de ni\u00f1os y ni\u00f1as que no ingresaron en las instancias anteriores.<\/strong>&nbsp;Las escuelas deber\u00e1n exponer en forma clara y visible las listas de los ni\u00f1os y ni\u00f1as que obtuvieron las vacantes hasta la tercera instancia.&nbsp;<\/p>\n\n\n\n<p>En caso de que el estudiante no aparezca en los listados, el adulto responsable deber\u00e1 concurrir a la sede de supervisi\u00f3n m\u00e1s cercana a su domicilio apenas comiencen las actividades escolares en el 2024. All\u00ed les dar\u00e1n a conocer a cada familia las escuelas donde todav\u00eda cuentan con matr\u00edcula para que comiencen el nivel Inicial.<\/p>\n\n\n\n<p><strong>Fuente: www.diariouno.com.ar<\/strong><\/p>\n","protected":false},"excerpt":{"rendered":"<p>Setiembre ser\u00e1 un mes decisivo para miles de&nbsp;familias mendocinas&nbsp;que buscan un lugar en el aula para sus chicos en el&nbsp;Nivel Inicial&nbsp;para el ciclo lectivo 2024. Lo primero que hay que saber es que habr\u00e1 una\u00a0preinscripci\u00f3n\u00a0mediante la cual los adultos responsables asistir\u00e1n, de manera presencial, para entregar la documentaci\u00f3n requerida. Para realizar la preinscripci\u00f3n, la\u00a0Direcci\u00f3n General [&hellip;]<\/p>\n","protected":false},"author":2,"featured_media":1361,"comment_status":"open","ping_status":"open","sticky":false,"template":"","format":"standard","meta":[],"categories":[56],"tags":[],"_links":{"self":[{"href":"https:\/\/pasaenmendoza.com\/index.php?rest_route=\/wp\/v2\/posts\/1357"}],"collection":[{"href":"https:\/\/pasaenmendoza.com\/index.php?rest_route=\/wp\/v2\/posts"}],"about":[{"href":"https:\/\/pasaenmendoza.com\/index.php?rest_route=\/wp\/v2\/types\/post"}],"author":[{"embeddable":true,"href":"https:\/\/pasaenmendoza.com\/index.php?rest_route=\/wp\/v2\/users\/2"}],"replies":[{"embeddable":true,"href":"https:\/\/pasaenmendoza.com\/index.php?rest_route=%2Fwp%2Fv2%2Fcomments&post=1357"}],"version-history":[{"count":1,"href":"https:\/\/pasaenmendoza.com\/index.php?rest_route=\/wp\/v2\/posts\/1357\/revisions"}],"predecessor-version":[{"id":1362,"href":"https:\/\/pasaenmendoza.com\/index.php?rest_route=\/wp\/v2\/posts\/1357\/revisions\/1362"}],"wp:featuredmedia":[{"embeddable":true,"href":"https:\/\/pasaenmendoza.com\/index.php?rest_route=\/wp\/v2\/media\/1361"}],"wp:attachment":[{"href":"https:\/\/pasaenmendoza.com\/index.php?rest_route=%2Fwp%2Fv2%2Fmedia&parent=1357"}],"wp:term":[{"taxonomy":"category","embeddable":true,"href":"https:\/\/pasaenmendoza.com\/index.php?rest_route=%2Fwp%2Fv2%2Fcategories&post=1357"},{"taxonomy":"post_tag","embeddable":true,"href":"https:\/\/pasaenmendoza.com\/index.php?rest_route=%2Fwp%2Fv2%2Ftags&post=1357"}],"curies":[{"name":"wp","href":"https:\/\/api.w.org\/{rel}","templated":true}]}}