{"id":13570,"date":"2025-06-23T16:34:34","date_gmt":"2025-06-23T14:34:34","guid":{"rendered":"https:\/\/pasaenmendoza.com\/?p=13570"},"modified":"2025-06-23T16:34:36","modified_gmt":"2025-06-23T14:34:36","slug":"de-cada-10-nuevos-desempleados-en-el-pais-4-son-de-mendoza","status":"publish","type":"post","link":"https:\/\/pasaenmendoza.com\/?p=13570","title":{"rendered":"De cada 10 nuevos desempleados en el pa\u00eds, 4 son de Mendoza"},"content":{"rendered":"\n<p>Este lunes, el economista y presidente de Plataforma Digital,\u00a0<strong>Carlos Ponce<\/strong>, habl\u00f3 en el programa &#8220;Tenes que saberlo&#8221; por\u00a0<strong>Radio Post<\/strong>\u00a0(92.1 en el Gran Mendoza, 96.9 en Luj\u00e1n de Cuyo, 100.1 en San Mart\u00edn y 96.7 en La Paz),\u00a0 donde analiz\u00f3 los\u00a0\u00faltimos datos oficiales\u00a0sobre el desempleo en la provincia.\u00a0<\/p>\n\n\n\n<p>&#8220;El desempleo subi\u00f3 y, de la cantidad total de desempleados que mide el INDEC en los 31 aglomerados urbanos, la cuarta parte del aumento corresponde a Mendoza&#8221;, indic\u00f3 Ponce.<\/p>\n\n\n\n<p>En este sentido, compar\u00f3 los datos del \u00faltimo a\u00f1o: primer trimestre de 2024 y primer trimestre de 2025. De un periodo a otro, en&nbsp;<strong>Argentina<\/strong>&nbsp;hubo&nbsp;<strong>48.000 nuevos desocupados<\/strong>&nbsp;(1.088.000 a 1.136.000) y de ese n\u00famero, en&nbsp;<strong>Mendoza<\/strong>&nbsp;hubo<strong>&nbsp;11.000 nuevos desempleados<\/strong>&nbsp;(25.000 a 36.000), casi un cuarto del total.<\/p>\n\n\n\n<p>Por lo tanto,\u00a0<strong>Mendoza concentr\u00f3 el 22,9% del aumento total de desocupados en Argentina<\/strong>\u00a0entre el primer trimestre de 2024 y el primer trimestre de 2025, pese a representar apenas alrededor del 4% de la poblaci\u00f3n total.<\/p>\n\n\n\n<p>&#8220;En Mendoza se han destruido puestos de trabajo: solo en el Gran Mendoza se perdieron miles de empleos, y no tenemos datos de otras zonas como el Valle de Uco o la zona Este, donde probablemente la situaci\u00f3n sea similar. Por eso, la magnitud real de la p\u00e9rdida podr\u00eda ser a\u00fan mayor&#8221;, se\u00f1al\u00f3 Carlos Ponce.<\/p>\n\n\n\n<p>Y agreg\u00f3 un dato clave para dimensionar el problema: &#8220;Mientras a nivel nacional el empleo creci\u00f3 levemente, en Mendoza se redujo. Estamos en la tendencia contraria al resto del pa\u00eds. El peor escenario para una econom\u00eda es perder puestos de trabajo, y eso es justamente lo que est\u00e1 ocurriendo en la provincia.&#8221;<\/p>\n\n\n\n<p>Tambi\u00e9n se refiri\u00f3 a la situaci\u00f3n de los sectores productivos en Mendoza: &#8220;El empleo fuerte en la provincia se genera en hoteler\u00eda y turismo, pero con el cambio en la macroeconom\u00eda, que el propio presidente Milei ya anunci\u00f3 -dijo que vamos hacia un modelo de peso fuerte y sobrevaluado-, es complicado ver un repunte. Otro sector es el comercio minorista, donde se percibe una ca\u00edda.&#8221;<\/p>\n\n\n\n<p>A su vez, se\u00f1al\u00f3 que el petr\u00f3leo tambi\u00e9n enfrenta una situaci\u00f3n complicada: a pesar de las estrategias del gobierno, las inversiones se concentran principalmente en Neuqu\u00e9n, con Vaca Muerta, mientras que ya hay conflictos sindicales por la falta de trabajo y despidos. La agroindustria, incluida la vitivinicultura, no muestra se\u00f1ales de inversi\u00f3n ni crecimiento que generen empleo. Por \u00faltimo, la miner\u00eda, gran apuesta del gobernador, podr\u00eda dar resultados solo a largo plazo, ya que a\u00fan falta la aprobaci\u00f3n de San Jorge y el desarrollo de Malarg\u00fce est\u00e1 lejos.<\/p>\n\n\n\n<p>\u00a0Finalmente, se explay\u00f3 sobre\u00a0los fondos\u00a0que la provincia contaba antes de que asumiera Javier Milei: &#8220;Mendoza ten\u00eda mil millones de d\u00f3lares del fondo de resarcimiento a fines de 2023. No los invirti\u00f3 a tiempo y en el camino se desvalorizaron. Ahora solo alcanza para la mitad de lo que se podr\u00eda haber hecho&#8221;, grafic\u00f3.\u00a0 \u00a0<\/p>\n\n\n\n<p><strong>Fuente: www.mendozapost.com<\/strong><\/p>\n","protected":false},"excerpt":{"rendered":"<p>Este lunes, el economista y presidente de Plataforma Digital,\u00a0Carlos Ponce, habl\u00f3 en el programa &#8220;Tenes que saberlo&#8221; por\u00a0Radio Post\u00a0(92.1 en el Gran Mendoza, 96.9 en Luj\u00e1n de Cuyo, 100.1 en San Mart\u00edn y 96.7 en La Paz),\u00a0 donde analiz\u00f3 los\u00a0\u00faltimos datos oficiales\u00a0sobre el desempleo en la provincia.\u00a0 &#8220;El desempleo subi\u00f3 y, de la cantidad total [&hellip;]<\/p>\n","protected":false},"author":2,"featured_media":13571,"comment_status":"open","ping_status":"open","sticky":false,"template":"","format":"standard","meta":[],"categories":[75],"tags":[],"_links":{"self":[{"href":"https:\/\/pasaenmendoza.com\/index.php?rest_route=\/wp\/v2\/posts\/13570"}],"collection":[{"href":"https:\/\/pasaenmendoza.com\/index.php?rest_route=\/wp\/v2\/posts"}],"about":[{"href":"https:\/\/pasaenmendoza.com\/index.php?rest_route=\/wp\/v2\/types\/post"}],"author":[{"embeddable":true,"href":"https:\/\/pasaenmendoza.com\/index.php?rest_route=\/wp\/v2\/users\/2"}],"replies":[{"embeddable":true,"href":"https:\/\/pasaenmendoza.com\/index.php?rest_route=%2Fwp%2Fv2%2Fcomments&post=13570"}],"version-history":[{"count":1,"href":"https:\/\/pasaenmendoza.com\/index.php?rest_route=\/wp\/v2\/posts\/13570\/revisions"}],"predecessor-version":[{"id":13572,"href":"https:\/\/pasaenmendoza.com\/index.php?rest_route=\/wp\/v2\/posts\/13570\/revisions\/13572"}],"wp:featuredmedia":[{"embeddable":true,"href":"https:\/\/pasaenmendoza.com\/index.php?rest_route=\/wp\/v2\/media\/13571"}],"wp:attachment":[{"href":"https:\/\/pasaenmendoza.com\/index.php?rest_route=%2Fwp%2Fv2%2Fmedia&parent=13570"}],"wp:term":[{"taxonomy":"category","embeddable":true,"href":"https:\/\/pasaenmendoza.com\/index.php?rest_route=%2Fwp%2Fv2%2Fcategories&post=13570"},{"taxonomy":"post_tag","embeddable":true,"href":"https:\/\/pasaenmendoza.com\/index.php?rest_route=%2Fwp%2Fv2%2Ftags&post=13570"}],"curies":[{"name":"wp","href":"https:\/\/api.w.org\/{rel}","templated":true}]}}