{"id":13576,"date":"2025-06-23T17:01:27","date_gmt":"2025-06-23T15:01:27","guid":{"rendered":"https:\/\/pasaenmendoza.com\/?p=13576"},"modified":"2025-06-23T17:01:28","modified_gmt":"2025-06-23T15:01:28","slug":"sin-agua-por-12-horas-las-zonas-de-mendoza-que-sufriran-un-corte-programado-este-martes","status":"publish","type":"post","link":"https:\/\/pasaenmendoza.com\/?p=13576","title":{"rendered":"Sin agua por 12 horas: las zonas de Mendoza que sufrir\u00e1n un corte programado este martes"},"content":{"rendered":"\n<p>La empresa\u00a0<strong>Aguas Mendocinas<\/strong>\u00a0inform\u00f3 que este martes se realizar\u00e1 un\u00a0<strong>corte programado de agua potable<\/strong>\u00a0que afectar\u00e1 a distintos sectores de la provincia de Mendoza. La interrupci\u00f3n se extender\u00e1 por\u00a0<strong>12 horas, desde las 7 hasta las 20<\/strong>, y responde a tareas de\u00a0<strong>videoinspecci\u00f3n en grandes acueductos<\/strong>, trabajos esenciales para garantizar el mantenimiento y la calidad del servicio.<\/p>\n\n\n\n<p>Las zonas afectadas ser\u00e1n:<\/p>\n\n\n\n<p><strong>Luj\u00e1n de Cuyo:<\/strong>&nbsp;Chacras de Coria, Las Vertientes y La Puntilla.<\/p>\n\n\n\n<p><strong>Ciudad:<\/strong>&nbsp;distrito La Favorita.<\/p>\n\n\n\n<figure class=\"wp-block-image\"><img decoding=\"async\" src=\"https:\/\/statics.diariomendoza.com.ar\/2025\/06\/crop\/68595569e2ef7__780x780.webp\" alt=\"CORTE DE AGUA\"\/><figcaption class=\"wp-element-caption\">CORTE DE AGUA<\/figcaption><\/figure>\n\n\n\n<p>Ante esta situaci\u00f3n, la empresa solicit\u00f3 a los usuarios de las \u00e1reas involucradas tomar una serie de precauciones para\u00a0<strong>reducir el impacto de la falta de agua<\/strong>\u00a0y promover el\u00a0uso responsable del recurso:<\/p>\n\n\n\n<h3 class=\"wp-block-heading\">Recomendaciones para los vecinos:<\/h3>\n\n\n\n<p><strong>Reservar agua potable embotellada<\/strong>, calculando al menos&nbsp;<strong>2 litros por persona<\/strong>, almacenada en recipientes limpios.<\/p>\n\n\n\n<p><strong>Cuidar la reserva del tanque domiciliario<\/strong>, verificando su estado y capacidad.<\/p>\n\n\n\n<p>Realizar un&nbsp;<strong>uso racional y solidario del agua<\/strong>, reduciendo al m\u00ednimo el consumo en viviendas cercanas a la zona afectada.<\/p>\n\n\n\n<p><strong>Evitar el uso de lavarropas, lavavajillas y sistemas de riego<\/strong>&nbsp;durante el corte.<\/p>\n\n\n\n<p>Recordar que el&nbsp;<strong>lavado de veredas y autos con manguera o hidrolavadora est\u00e1 prohibido durante todo el a\u00f1o<\/strong>.<\/p>\n\n\n\n<p>Revisar posibles&nbsp;<strong>fugas o p\u00e9rdidas<\/strong>&nbsp;en canillas e inodoros para evitar desperdicios.<\/p>\n\n\n\n<p>Desde Aguas Mendocinas remarcaron la importancia de estas medidas para\u00a0<strong>asegurar el abastecimiento de los tanques domiciliarios<\/strong>\u00a0y minimizar las molestias mientras duren las tareas de mantenimiento.<\/p>\n\n\n\n<p><strong>Fuente: www.diariomendoza.com.ar<\/strong><\/p>\n","protected":false},"excerpt":{"rendered":"<p>La empresa\u00a0Aguas Mendocinas\u00a0inform\u00f3 que este martes se realizar\u00e1 un\u00a0corte programado de agua potable\u00a0que afectar\u00e1 a distintos sectores de la provincia de Mendoza. La interrupci\u00f3n se extender\u00e1 por\u00a012 horas, desde las 7 hasta las 20, y responde a tareas de\u00a0videoinspecci\u00f3n en grandes acueductos, trabajos esenciales para garantizar el mantenimiento y la calidad del servicio. Las zonas [&hellip;]<\/p>\n","protected":false},"author":2,"featured_media":13577,"comment_status":"open","ping_status":"open","sticky":false,"template":"","format":"standard","meta":[],"categories":[50],"tags":[],"_links":{"self":[{"href":"https:\/\/pasaenmendoza.com\/index.php?rest_route=\/wp\/v2\/posts\/13576"}],"collection":[{"href":"https:\/\/pasaenmendoza.com\/index.php?rest_route=\/wp\/v2\/posts"}],"about":[{"href":"https:\/\/pasaenmendoza.com\/index.php?rest_route=\/wp\/v2\/types\/post"}],"author":[{"embeddable":true,"href":"https:\/\/pasaenmendoza.com\/index.php?rest_route=\/wp\/v2\/users\/2"}],"replies":[{"embeddable":true,"href":"https:\/\/pasaenmendoza.com\/index.php?rest_route=%2Fwp%2Fv2%2Fcomments&post=13576"}],"version-history":[{"count":1,"href":"https:\/\/pasaenmendoza.com\/index.php?rest_route=\/wp\/v2\/posts\/13576\/revisions"}],"predecessor-version":[{"id":13578,"href":"https:\/\/pasaenmendoza.com\/index.php?rest_route=\/wp\/v2\/posts\/13576\/revisions\/13578"}],"wp:featuredmedia":[{"embeddable":true,"href":"https:\/\/pasaenmendoza.com\/index.php?rest_route=\/wp\/v2\/media\/13577"}],"wp:attachment":[{"href":"https:\/\/pasaenmendoza.com\/index.php?rest_route=%2Fwp%2Fv2%2Fmedia&parent=13576"}],"wp:term":[{"taxonomy":"category","embeddable":true,"href":"https:\/\/pasaenmendoza.com\/index.php?rest_route=%2Fwp%2Fv2%2Fcategories&post=13576"},{"taxonomy":"post_tag","embeddable":true,"href":"https:\/\/pasaenmendoza.com\/index.php?rest_route=%2Fwp%2Fv2%2Ftags&post=13576"}],"curies":[{"name":"wp","href":"https:\/\/api.w.org\/{rel}","templated":true}]}}