{"id":13586,"date":"2025-06-24T15:01:20","date_gmt":"2025-06-24T13:01:20","guid":{"rendered":"https:\/\/pasaenmendoza.com\/?p=13586"},"modified":"2025-06-24T15:01:21","modified_gmt":"2025-06-24T13:01:21","slug":"muy-frio-y-con-heladas-asi-esta-el-tiempo-este-martes-en-mendoza","status":"publish","type":"post","link":"https:\/\/pasaenmendoza.com\/?p=13586","title":{"rendered":"Muy fr\u00edo y con heladas: as\u00ed est\u00e1 el tiempo este martes en Mendoza"},"content":{"rendered":"\n<p>Contin\u00faa la&nbsp;<strong>ola polar&nbsp;<\/strong>que afecta a todo el pa\u00eds y&nbsp;<strong>Mendoza<\/strong>&nbsp;no es la excepci\u00f3n. El martes amaneci\u00f3&nbsp;<strong>muy fr\u00edo<\/strong>, con poca nubosidad y&nbsp;<strong>heladas generales<\/strong>. Adem\u00e1s, se prev\u00e9n vientos leves del noreste y poco nuboso en cordillera.<\/p>\n\n\n\n<p><strong>La m\u00ednima ser\u00e1 de -1 grados y la m\u00e1xima de 15.<\/strong><\/p>\n\n\n\n<p>Para el&nbsp;<strong>mi\u00e9rcoles,&nbsp;<\/strong>la Direcci\u00f3n de Contingencias Clim\u00e1ticas se pronostica: \u201cAlgo nublado y vientos con&nbsp;<strong>descenso de la temperatura<\/strong>, vientos moderados del sector sur. Nevadas en cordillera\u201d.<\/p>\n\n\n\n<p><strong>La m\u00ednima ser\u00e1 de 2 grados y la m\u00e1xima de 13.<\/strong><\/p>\n\n\n\n<p>El&nbsp;<strong>jueves<\/strong>&nbsp;estar\u00e1 con \u201cpoca nubosidad, con ascenso de la temperatura, vientos leves del este y heladas parciales\u201d.&nbsp;<strong>La m\u00ednima ser\u00e1 de 1 grados y la m\u00e1xima de 15.<\/strong><\/p>\n\n\n\n<p>En tanto, el\u00a0<strong>viernes<\/strong>\u00a0se presentar\u00e1 con \u201cpoca nubosidad con poco cambio de la temperatura, vientos leves del noreste. Desmejorando en cordillera\u201d.\u00a0<strong>La m\u00ednima ser\u00e1 de 0 grados y la m\u00e1xima de 13.<\/strong><\/p>\n\n\n\n<p><strong>Fuente: www.elsol.com.ar<\/strong><\/p>\n","protected":false},"excerpt":{"rendered":"<p>Contin\u00faa la&nbsp;ola polar&nbsp;que afecta a todo el pa\u00eds y&nbsp;Mendoza&nbsp;no es la excepci\u00f3n. El martes amaneci\u00f3&nbsp;muy fr\u00edo, con poca nubosidad y&nbsp;heladas generales. Adem\u00e1s, se prev\u00e9n vientos leves del noreste y poco nuboso en cordillera. La m\u00ednima ser\u00e1 de -1 grados y la m\u00e1xima de 15. Para el&nbsp;mi\u00e9rcoles,&nbsp;la Direcci\u00f3n de Contingencias Clim\u00e1ticas se pronostica: \u201cAlgo nublado y [&hellip;]<\/p>\n","protected":false},"author":2,"featured_media":13587,"comment_status":"open","ping_status":"open","sticky":false,"template":"","format":"standard","meta":[],"categories":[52],"tags":[],"_links":{"self":[{"href":"https:\/\/pasaenmendoza.com\/index.php?rest_route=\/wp\/v2\/posts\/13586"}],"collection":[{"href":"https:\/\/pasaenmendoza.com\/index.php?rest_route=\/wp\/v2\/posts"}],"about":[{"href":"https:\/\/pasaenmendoza.com\/index.php?rest_route=\/wp\/v2\/types\/post"}],"author":[{"embeddable":true,"href":"https:\/\/pasaenmendoza.com\/index.php?rest_route=\/wp\/v2\/users\/2"}],"replies":[{"embeddable":true,"href":"https:\/\/pasaenmendoza.com\/index.php?rest_route=%2Fwp%2Fv2%2Fcomments&post=13586"}],"version-history":[{"count":1,"href":"https:\/\/pasaenmendoza.com\/index.php?rest_route=\/wp\/v2\/posts\/13586\/revisions"}],"predecessor-version":[{"id":13588,"href":"https:\/\/pasaenmendoza.com\/index.php?rest_route=\/wp\/v2\/posts\/13586\/revisions\/13588"}],"wp:featuredmedia":[{"embeddable":true,"href":"https:\/\/pasaenmendoza.com\/index.php?rest_route=\/wp\/v2\/media\/13587"}],"wp:attachment":[{"href":"https:\/\/pasaenmendoza.com\/index.php?rest_route=%2Fwp%2Fv2%2Fmedia&parent=13586"}],"wp:term":[{"taxonomy":"category","embeddable":true,"href":"https:\/\/pasaenmendoza.com\/index.php?rest_route=%2Fwp%2Fv2%2Fcategories&post=13586"},{"taxonomy":"post_tag","embeddable":true,"href":"https:\/\/pasaenmendoza.com\/index.php?rest_route=%2Fwp%2Fv2%2Ftags&post=13586"}],"curies":[{"name":"wp","href":"https:\/\/api.w.org\/{rel}","templated":true}]}}