{"id":13595,"date":"2025-06-24T15:13:02","date_gmt":"2025-06-24T13:13:02","guid":{"rendered":"https:\/\/pasaenmendoza.com\/?p=13595"},"modified":"2025-06-24T15:13:03","modified_gmt":"2025-06-24T13:13:03","slug":"liberaron-bajo-fianza-al-joven-que-atropello-en-guaymallen-a-un-adolescente-que-quedo-con-muerte-cerebral","status":"publish","type":"post","link":"https:\/\/pasaenmendoza.com\/?p=13595","title":{"rendered":"Liberaron bajo fianza al joven que atropell\u00f3 en Guaymall\u00e9n a un adolescente que qued\u00f3 con muerte cerebral"},"content":{"rendered":"\n<p>El joven de 20 a\u00f1os que\u00a0<strong>atropellado<\/strong>\u00a0en\u00a0<strong>Guaymall\u00e9n<\/strong>\u00a0al adolescente que qued\u00f3 con muerte cerebral recuper\u00f3 la libertad bajo\u00a0<strong>fianza<\/strong>\u00a0tras pagar una cauci\u00f3n de 2 millones de pesos. En tanto, cabe recordar que el \u00faltimo domingo hab\u00eda sido imputado por lesiones grav\u00edsimas, agravadas por la fuga.<\/p>\n\n\n\n<p>La medida era previsible, ya que el acusado no tiene antecedente penales, pese a la gravedad del hecho ocurrido en\u00a0<strong>Guaymall\u00e9n\u00a0<\/strong>en la madrugada del s\u00e1bado 21 de junio. En tanto, se aguarda por conocer resultados de pericias clave, como el an\u00e1lisis toxicol\u00f3gico. El caso es investigado por el fiscal de Tr\u00e1nsito Tom\u00e1s Guevara.<\/p>\n\n\n\n<h2 class=\"wp-block-heading\">El acusado atropell\u00f3, huy\u00f3 y se entreg\u00f3 horas despu\u00e9s del incidente<\/h2>\n\n\n\n<p>El siniestro ocurri\u00f3 alrededor de las 5:35 de la madrugada del s\u00e1bado en el Callej\u00f3n Los Italianos, frente al sal\u00f3n de eventos Entre Fincas, en el departamento de\u00a0<strong>Guaymall\u00e9n<\/strong>. De acuerdo con el testimonio de los amigos de la v\u00edctima, el joven caminaba junto a ellos por la banquina cuando una camioneta Ford Ranger blanca que se dirig\u00eda hacia el este lo embisti\u00f3.<\/p>\n\n\n\n<p>Tras el impacto, el conductor huy\u00f3 del lugar sin asistir al herido. Luego, un llamado al 911 alert\u00f3 a las autoridades, que encontraron al adolescente inconsciente a un costado del camino.<\/p>\n\n\n\n<p>El adolescente fue asistido de inmediato por personal del Servicio de Emergencias Coordinado (SEC), que lo traslad\u00f3 de urgencia al Hospital Central, donde se le diagnostic\u00f3 traumatismo encefalocraneano severo. Con el correr de las horas, los m\u00e9dicos confirmaron que el joven presentaba muerte encef\u00e1lica.<\/p>\n\n\n\n<p>Casi dos horas despu\u00e9s del hecho, el conductor de la camioneta se present\u00f3 espont\u00e1neamente en la Comisar\u00eda 49\u00aa junto a su padre. All\u00ed reconoci\u00f3 haber sido el responsable del\u00a0<strong>atropello<\/strong>. Finalmente, tras ser imputado el domingo, fue liberado bajo\u00a0<strong>fianza<\/strong>.<\/p>\n\n\n\n<p><strong>Fuente: www.mdzol.com<\/strong><\/p>\n","protected":false},"excerpt":{"rendered":"<p>El joven de 20 a\u00f1os que\u00a0atropellado\u00a0en\u00a0Guaymall\u00e9n\u00a0al adolescente que qued\u00f3 con muerte cerebral recuper\u00f3 la libertad bajo\u00a0fianza\u00a0tras pagar una cauci\u00f3n de 2 millones de pesos. En tanto, cabe recordar que el \u00faltimo domingo hab\u00eda sido imputado por lesiones grav\u00edsimas, agravadas por la fuga. La medida era previsible, ya que el acusado no tiene antecedente penales, pese [&hellip;]<\/p>\n","protected":false},"author":2,"featured_media":13596,"comment_status":"open","ping_status":"open","sticky":false,"template":"","format":"standard","meta":[],"categories":[48],"tags":[],"_links":{"self":[{"href":"https:\/\/pasaenmendoza.com\/index.php?rest_route=\/wp\/v2\/posts\/13595"}],"collection":[{"href":"https:\/\/pasaenmendoza.com\/index.php?rest_route=\/wp\/v2\/posts"}],"about":[{"href":"https:\/\/pasaenmendoza.com\/index.php?rest_route=\/wp\/v2\/types\/post"}],"author":[{"embeddable":true,"href":"https:\/\/pasaenmendoza.com\/index.php?rest_route=\/wp\/v2\/users\/2"}],"replies":[{"embeddable":true,"href":"https:\/\/pasaenmendoza.com\/index.php?rest_route=%2Fwp%2Fv2%2Fcomments&post=13595"}],"version-history":[{"count":1,"href":"https:\/\/pasaenmendoza.com\/index.php?rest_route=\/wp\/v2\/posts\/13595\/revisions"}],"predecessor-version":[{"id":13597,"href":"https:\/\/pasaenmendoza.com\/index.php?rest_route=\/wp\/v2\/posts\/13595\/revisions\/13597"}],"wp:featuredmedia":[{"embeddable":true,"href":"https:\/\/pasaenmendoza.com\/index.php?rest_route=\/wp\/v2\/media\/13596"}],"wp:attachment":[{"href":"https:\/\/pasaenmendoza.com\/index.php?rest_route=%2Fwp%2Fv2%2Fmedia&parent=13595"}],"wp:term":[{"taxonomy":"category","embeddable":true,"href":"https:\/\/pasaenmendoza.com\/index.php?rest_route=%2Fwp%2Fv2%2Fcategories&post=13595"},{"taxonomy":"post_tag","embeddable":true,"href":"https:\/\/pasaenmendoza.com\/index.php?rest_route=%2Fwp%2Fv2%2Ftags&post=13595"}],"curies":[{"name":"wp","href":"https:\/\/api.w.org\/{rel}","templated":true}]}}