{"id":13598,"date":"2025-06-24T22:26:35","date_gmt":"2025-06-24T20:26:35","guid":{"rendered":"https:\/\/pasaenmendoza.com\/?p=13598"},"modified":"2025-06-24T22:26:36","modified_gmt":"2025-06-24T20:26:36","slug":"el-senado-dio-luz-verde-para-suspender-las-paso-pero-el-proyecto-debera-volver-a-diputados","status":"publish","type":"post","link":"https:\/\/pasaenmendoza.com\/?p=13598","title":{"rendered":"El Senado dio luz verde para suspender las PASO pero el proyecto deber\u00e1 volver a Diputados"},"content":{"rendered":"\n<p>El Senado aprob\u00f3 por mayor\u00eda la suspensi\u00f3n de las Primarias Abiertas, Simult\u00e1neas y Obligatorias (<strong>PASO<\/strong>), aunque el proyecto deber\u00e1 volver a la C\u00e1mara de Diputados porque se le efectu\u00f3 un cambio clave.<\/p>\n\n\n\n<p>Se trata de la incorporaci\u00f3n en el texto de la iniciativa de la suspensi\u00f3n de las&nbsp;<strong>PASO<\/strong>&nbsp;tambi\u00e9n en 2026. Esto, porque ante la posibilidad de que no se unifiquen las elecciones provinciales con las nacionales, las elecciones locales pasar\u00edan al a\u00f1o pr\u00f3ximo; mientras que el articulado solo hac\u00eda referencia al a\u00f1o 2025.<\/p>\n\n\n\n<p>El proyecto, con el cambio, fue votado a favor tanto por\u00a0<strong>Cambia Mendoza<\/strong>\u00a0como por La Uni\u00f3n Mendocina (29 votos), en tanto que el peronismo se aun\u00f3 para votarlo en contra.<\/p>\n\n\n\n<p>Ahora deber\u00e1 ser ratificado por la c\u00e1mara de origen, que sesionar\u00e1 este mi\u00e9rcoles.<\/p>\n\n\n\n<p>En caso de ser sancionada como ley, la suspensi\u00f3n de las&nbsp;<strong>PASO&nbsp;<\/strong>abarcar\u00e1 tambi\u00e9n a los comicios municipales que decidan abrirse de la Provincia y realizar elecciones no desdobladas.<\/p>\n\n\n\n<h2 class=\"wp-block-heading\"><strong>Por qu\u00e9 el peronismo vot\u00f3 en contra de la suspensi\u00f3n de las PASO<\/strong><\/h2>\n\n\n\n<p>La cr\u00edtica pasa porque el gobernador&nbsp;<strong>Alfredo Cornejo<\/strong>&nbsp;sigue sin definir si Mendoza desdoblar\u00e1 o no las elecciones provinciales de las nacionales. Tiene tiempo legal hasta el 18 de julio.<\/p>\n\n\n\n<p>El\u00a0peronismo advirti\u00f3 que la suspensi\u00f3n de las\u00a0<strong>PASO\u00a0<\/strong>en esta ocasi\u00f3n se trata meramente de una especulaci\u00f3n pol\u00edtica\u00a0por parte del oficialismo y que sin certeza sobre el cronograma electoral, no se puede avanzar sobre otro tipo de cambios: \u201cEstamos eliminando una herramienta sin saber d\u00f3nde estamos parados. El gobernador tiene que dar un calendario electoral de una vez por todas\u201d, dijeron.<\/p>\n\n\n\n<h2 class=\"wp-block-heading\">Las PASO en Diputados<\/h2>\n\n\n\n<p>El proyecto de suspensi\u00f3n de las&nbsp;<strong>PASO<\/strong>&nbsp;lleg\u00f3 al Senado tras su aprobaci\u00f3n por mayor\u00eda en Diputados. En la c\u00e1mara baja, el Partido Justicialista y sus aliados tambi\u00e9n votaron en contra, mientras que el diputado Emanuel Fugazzotto, del Partido Verde, se abstuvo.<\/p>\n\n\n\n<p>Debido al cambio que realizaron los senadores, la iniciativa que suspende las\u00a0<strong>PASO<\/strong>\u00a0tiene que volver a Diputados en segunda revisi\u00f3n para su sanci\u00f3n definitiva.<\/p>\n\n\n\n<p><strong>Fuente: www.diariouno.com.ar<\/strong><\/p>\n","protected":false},"excerpt":{"rendered":"<p>El Senado aprob\u00f3 por mayor\u00eda la suspensi\u00f3n de las Primarias Abiertas, Simult\u00e1neas y Obligatorias (PASO), aunque el proyecto deber\u00e1 volver a la C\u00e1mara de Diputados porque se le efectu\u00f3 un cambio clave. Se trata de la incorporaci\u00f3n en el texto de la iniciativa de la suspensi\u00f3n de las&nbsp;PASO&nbsp;tambi\u00e9n en 2026. Esto, porque ante la posibilidad [&hellip;]<\/p>\n","protected":false},"author":2,"featured_media":13599,"comment_status":"open","ping_status":"open","sticky":false,"template":"","format":"standard","meta":[],"categories":[47],"tags":[],"_links":{"self":[{"href":"https:\/\/pasaenmendoza.com\/index.php?rest_route=\/wp\/v2\/posts\/13598"}],"collection":[{"href":"https:\/\/pasaenmendoza.com\/index.php?rest_route=\/wp\/v2\/posts"}],"about":[{"href":"https:\/\/pasaenmendoza.com\/index.php?rest_route=\/wp\/v2\/types\/post"}],"author":[{"embeddable":true,"href":"https:\/\/pasaenmendoza.com\/index.php?rest_route=\/wp\/v2\/users\/2"}],"replies":[{"embeddable":true,"href":"https:\/\/pasaenmendoza.com\/index.php?rest_route=%2Fwp%2Fv2%2Fcomments&post=13598"}],"version-history":[{"count":1,"href":"https:\/\/pasaenmendoza.com\/index.php?rest_route=\/wp\/v2\/posts\/13598\/revisions"}],"predecessor-version":[{"id":13600,"href":"https:\/\/pasaenmendoza.com\/index.php?rest_route=\/wp\/v2\/posts\/13598\/revisions\/13600"}],"wp:featuredmedia":[{"embeddable":true,"href":"https:\/\/pasaenmendoza.com\/index.php?rest_route=\/wp\/v2\/media\/13599"}],"wp:attachment":[{"href":"https:\/\/pasaenmendoza.com\/index.php?rest_route=%2Fwp%2Fv2%2Fmedia&parent=13598"}],"wp:term":[{"taxonomy":"category","embeddable":true,"href":"https:\/\/pasaenmendoza.com\/index.php?rest_route=%2Fwp%2Fv2%2Fcategories&post=13598"},{"taxonomy":"post_tag","embeddable":true,"href":"https:\/\/pasaenmendoza.com\/index.php?rest_route=%2Fwp%2Fv2%2Ftags&post=13598"}],"curies":[{"name":"wp","href":"https:\/\/api.w.org\/{rel}","templated":true}]}}