{"id":13601,"date":"2025-06-24T22:53:03","date_gmt":"2025-06-24T20:53:03","guid":{"rendered":"https:\/\/pasaenmendoza.com\/?p=13601"},"modified":"2025-06-24T22:53:04","modified_gmt":"2025-06-24T20:53:04","slug":"el-kirchnerismo-lanzo-su-propia-campana-nada-sin-cristina","status":"publish","type":"post","link":"https:\/\/pasaenmendoza.com\/?p=13601","title":{"rendered":"El kirchnerismo lanz\u00f3 su propia campa\u00f1a: &#8220;Nada sin Cristina&#8221;"},"content":{"rendered":"\n<p>\u00bfLe sirve? El tiempo lo dir\u00e1. Por lo pronto, a\u00fan con la detenci\u00f3n de Cristina Kirchner en \u201ccaliente\u201d, Anabel Fern\u00e1ndez Sagasti inici\u00f3 la campa\u00f1a electoral del\u00a0<strong>kirchnerismo\u00a0<\/strong>en Mendoza.<\/p>\n\n\n\n<p>Lo hizo con un doble mensaje al&nbsp;<strong>Partido Justicialista<\/strong>&nbsp;que se alinea detr\u00e1s de la figura de su presidente Emir F\u00e9lix y de los intendentes peronistas: \u201cFrenar a Milei y nada sin Cristina\u201d.<\/p>\n\n\n\n<p>Seg\u00fan dijeron desde el\u00a0<strong>anabelismo<\/strong>, la campa\u00f1a lanzada por redes sociales busca \u201cmotorizar el debate sobre el impacto de la crisis en los hogares mendocinos, en la antesala de las elecciones provinciales\u201d.<\/p>\n\n\n\n<p>Las consignas tienen que ver directamente con los ejes que marc\u00f3&nbsp;<strong>Cristina Kirchner<\/strong>&nbsp;tras su detenci\u00f3n, en la multitudinaria marcha que se organiz\u00f3 en su apoyo.<\/p>\n\n\n\n<h2 class=\"wp-block-heading\"><strong>El mensaje del kirchnerismo al peronismo<\/strong><\/h2>\n\n\n\n<p>\u201cEl&nbsp;<strong>peronismo<\/strong>&nbsp;debe estar atento. Escuchar lo que est\u00e1 pasando. Porque esto va a terminar en una gran crisis\u201d, expres\u00f3 Cristina momentos antes quedar en prisi\u00f3n domiciliaria.<\/p>\n\n\n\n<p>Siguiendo esa l\u00ednea, los spots lanzados por el\u00a0<strong>kirchnerismo<\/strong>\u00a0est\u00e1n basados en diversas problem\u00e1ticas que consideran que hoy est\u00e1n atravesando los argentinos; y, a la vez, buscan potenciar la idea de \u201cvolver a tener un pa\u00eds donde los pibes puedan comer cuatro veces al d\u00eda, y en el colegio libros y computadoras; donde los laburantes lleguen a fin de mes y puedan ahorrar para poder comprarse un autito, una casita, un terrenito, algo que sea de ellos, conseguido con el esfuerzo de su trabajo y donde los jubilados ten\u00edan remedios&#8221;, como dijo la expresidenta.<\/p>\n\n\n\n<h2 class=\"wp-block-heading\"><strong>Kirchnerismo, \u00bfcon o sin PJ?<\/strong><\/h2>\n\n\n\n<p>La decisi\u00f3n no est\u00e1 tomada. O al menos no se da a conocer p\u00fablicamente a\u00fan. El&nbsp;<strong>kirchnerismo<\/strong>&nbsp;ya obtuvo el reconocimiento provisorio del partido Unidad Popular y est\u00e1 a pr\u00f3ximo a lograr el definitivo pero sigue sin aclarar si utilizar\u00e1 el sello o no en estas elecciones.<\/p>\n\n\n\n<p>La alternativa es ir a internas en el&nbsp;<strong>Partido Justicialista<\/strong>, como defini\u00f3 el congreso partidario que se eligir\u00e1n los candidatos.<\/p>\n\n\n\n<p>La campa\u00f1a lanzada por&nbsp;<strong>Anabel Fern\u00e1ndez Sagasti<\/strong>&nbsp;refuerza la postura del&nbsp;<strong>kirchnerismo<\/strong>&nbsp;respecto del perfil que tendr\u00edan que adoptar los posibles candidatos del peronismo: \u201cEl espacio pretende reforzar el objetivo de generar candidatos que representen y defiendan los intereses de los mendocinos en el Congreso de la Naci\u00f3n\u201d.<\/p>\n\n\n\n<p>Puntualmente, hace foco en que \u201clos representantes del&nbsp;<strong>peronismo<\/strong>&nbsp;tienen que tener una convicci\u00f3n real para oponerse a las pol\u00edticas de Javier Milei. En s\u00edntesis: hombres y mujeres que no traicionen a sus electores, ni se olviden de las razones por las que fueron elegidos cuando crucen el Arco del Desaguadero\u201d.<\/p>\n\n\n\n<p>De hecho, si el\u00a0<strong>kirchnerismo\u00a0<\/strong>optara por ir a elecciones por fuera del Partido Justicialista -o presentara lista para interna-, la candidata principal a nivel nacional ser\u00eda la propia Fern\u00e1ndez Sagasti. En tanto que, en el seno del PJ, donde ya se aprob\u00f3 el lema\u00a0<strong>Peronismo de Mendoza<\/strong>, se barajan otros nombres: Emir F\u00e9lix, los intendentes Flor Dest\u00e9fanis y Mat\u00edas Stevanato.<\/p>\n\n\n\n<p><strong>Fuente: www.diariouno.com.ar<\/strong><\/p>\n","protected":false},"excerpt":{"rendered":"<p>\u00bfLe sirve? El tiempo lo dir\u00e1. Por lo pronto, a\u00fan con la detenci\u00f3n de Cristina Kirchner en \u201ccaliente\u201d, Anabel Fern\u00e1ndez Sagasti inici\u00f3 la campa\u00f1a electoral del\u00a0kirchnerismo\u00a0en Mendoza. Lo hizo con un doble mensaje al&nbsp;Partido Justicialista&nbsp;que se alinea detr\u00e1s de la figura de su presidente Emir F\u00e9lix y de los intendentes peronistas: \u201cFrenar a Milei y [&hellip;]<\/p>\n","protected":false},"author":2,"featured_media":13602,"comment_status":"open","ping_status":"open","sticky":false,"template":"","format":"standard","meta":[],"categories":[47],"tags":[],"_links":{"self":[{"href":"https:\/\/pasaenmendoza.com\/index.php?rest_route=\/wp\/v2\/posts\/13601"}],"collection":[{"href":"https:\/\/pasaenmendoza.com\/index.php?rest_route=\/wp\/v2\/posts"}],"about":[{"href":"https:\/\/pasaenmendoza.com\/index.php?rest_route=\/wp\/v2\/types\/post"}],"author":[{"embeddable":true,"href":"https:\/\/pasaenmendoza.com\/index.php?rest_route=\/wp\/v2\/users\/2"}],"replies":[{"embeddable":true,"href":"https:\/\/pasaenmendoza.com\/index.php?rest_route=%2Fwp%2Fv2%2Fcomments&post=13601"}],"version-history":[{"count":1,"href":"https:\/\/pasaenmendoza.com\/index.php?rest_route=\/wp\/v2\/posts\/13601\/revisions"}],"predecessor-version":[{"id":13603,"href":"https:\/\/pasaenmendoza.com\/index.php?rest_route=\/wp\/v2\/posts\/13601\/revisions\/13603"}],"wp:featuredmedia":[{"embeddable":true,"href":"https:\/\/pasaenmendoza.com\/index.php?rest_route=\/wp\/v2\/media\/13602"}],"wp:attachment":[{"href":"https:\/\/pasaenmendoza.com\/index.php?rest_route=%2Fwp%2Fv2%2Fmedia&parent=13601"}],"wp:term":[{"taxonomy":"category","embeddable":true,"href":"https:\/\/pasaenmendoza.com\/index.php?rest_route=%2Fwp%2Fv2%2Fcategories&post=13601"},{"taxonomy":"post_tag","embeddable":true,"href":"https:\/\/pasaenmendoza.com\/index.php?rest_route=%2Fwp%2Fv2%2Ftags&post=13601"}],"curies":[{"name":"wp","href":"https:\/\/api.w.org\/{rel}","templated":true}]}}