{"id":13604,"date":"2025-06-24T23:07:48","date_gmt":"2025-06-24T21:07:48","guid":{"rendered":"https:\/\/pasaenmendoza.com\/?p=13604"},"modified":"2025-06-24T23:07:49","modified_gmt":"2025-06-24T21:07:49","slug":"casi-la-mitad-de-los-mendocinos-se-atiende-en-hospitales-publicos-la-mayoria-son-de-los-municipios-mas-alejados","status":"publish","type":"post","link":"https:\/\/pasaenmendoza.com\/?p=13604","title":{"rendered":"Casi la mitad de los mendocinos se atiende en hospitales p\u00fablicos: la mayor\u00eda son de los municipios m\u00e1s alejados"},"content":{"rendered":"\n<p>Los datos m\u00e1s recientes de la\u00a0<strong>Encuesta Permanente de Hogares\u00a0<\/strong>(EPH)\u00a0correspondiente al 2024 en el apartado de\u00a0<strong>Salud<\/strong>\u00a0reflejaron una detallada\u00a0<strong>radiograf\u00eda de c\u00f3mo los mendocinos acceden a la atenci\u00f3n m\u00e9dica a la hora de necesitarlo por una enfermedad<\/strong>\u00a0o afecci\u00f3n<\/p>\n\n\n\n<p>El informe destaca que&nbsp;<strong>casi la mitad de los que viven en Mendoza<\/strong>&nbsp;as\u00ed utilizan el sector p\u00fablico sanitario. Sin embargo, se destaca que hacia el interior de la provincia (fuera del Gran Mendoza) es justamente donde m\u00e1s prevalece ese sistema.<\/p>\n\n\n\n<p>El departamento de\u00a0<strong>La Paz<\/strong>\u00a0es el que m\u00e1s depende de la parte p\u00fablica a la hora de atender la salud de quienes viven all\u00ed y sus datos sirven como ejemplo. Adem\u00e1s, se revelaron las particularidades en el uso de los servicios de cada departamento.<\/p>\n\n\n\n<p>A nivel provincial, los datos de la EPH 2024 son claros sobre d\u00f3nde se atienden los mendocinos:<\/p>\n\n\n\n<ul>\n<li>El&nbsp;<strong>48.2% de la poblaci\u00f3n elige el \u201chospital p\u00fablico \/ centro de salud\u201d<\/strong>&nbsp;como su principal lugar de atenci\u00f3n.<\/li>\n\n\n\n<li>El&nbsp;<strong>38.2% utiliza un \u201chospital o consultorio de obra social\u201d<\/strong>, lo que puede reflejar el peso considerable de la seguridad social en el acceso a la salud y c\u00f3mo una parte creciente de la poblaci\u00f3n canaliza su atenci\u00f3n a trav\u00e9s de estos sistemas.<\/li>\n\n\n\n<li>El&nbsp;<strong>13.2% recurre a un \u201chospital o consultorio privado\u201d<\/strong>. Este porcentaje, aunque menor que los anteriores, indica la presencia constante del sector privado en la oferta de servicios de salud, utilizado por quienes no cuentan con obra social o buscan opciones espec\u00edficas.<\/li>\n\n\n\n<li>Un m\u00ednimo&nbsp;<strong>0.5% se atiende en \u201cOtros lugares<\/strong>\u201c, una categor\u00eda que engloba opciones diversas como farmacias para consultas menores, atenci\u00f3n domiciliaria u otros servicios no clasificados.<\/li>\n<\/ul>\n\n\n\n<p>Al comparar con la \u00faltima medici\u00f3n dada a conocer por el mismo informe, en el 2022, se observa un&nbsp;<strong>leve deslizamiento hacia el sector p\u00fablico y obra social.<\/strong><\/p>\n\n\n\n<figure class=\"wp-block-image\"><img decoding=\"async\" src=\"https:\/\/i0.wp.com\/www.elsol.com.ar\/wp-content\/uploads\/2025\/06\/atencion-hospitales.png?resize=710%2C199&amp;ssl=1\" alt=\"\" class=\"wp-image-2114923\"\/><\/figure>\n\n\n\n<h2 class=\"wp-block-heading\" id=\"h-el-interior-de-mendoza-con-mayor-dependencia-del-sistema-publico\">El interior de Mendoza, con mayor dependencia del sistema p\u00fablico<\/h2>\n\n\n\n<p>Por otro lado, el escrito destaca de manera contundente que el departamento de\u00a0<strong>La Paz se consolida como la jurisdicci\u00f3n donde la poblaci\u00f3n depende en mayor medida del sistema p\u00fablico de salud<\/strong>, consolidando el rol de los centros de salud y hospitales p\u00fablicos en el Este mendocino.<\/p>\n\n\n\n<p>Seg\u00fan el informe, el&nbsp;<strong>87.3% de los habitantes de La Paz acude al \u201cHospital p\u00fablico \/ centro de salud\u201d<\/strong>&nbsp;cuando necesita atenci\u00f3n m\u00e9dica.<\/p>\n\n\n\n<p>Esta cifra no solo es la m\u00e1s alta de toda la provincia, sino que adem\u00e1s representa una dependencia extrema del sector p\u00fablico, convirti\u00e9ndolo en el principal, y en muchos casos \u00fanico, proveedor de servicios de salud para la comunidad pace\u00f1a.<\/p>\n\n\n\n<p>Los datos, comparados con los del 2022, son significativos, si se tiene en cuenta que\u00a0<strong>hace dos a\u00f1os atr\u00e1s el sector p\u00fablico s\u00f3lo era utilizado por un 70.8% de la poblaci\u00f3n<\/strong>. El crecimiento fue abismal respecto a otros departamentos.<\/p>\n\n\n\n<p>Esta marcada dependencia en La Paz puede atribuirse a varios factores:<\/p>\n\n\n\n<ul>\n<li>Menor densidad de prestadores privados.<\/li>\n\n\n\n<li>Limitada penetraci\u00f3n de obras sociales en comparaci\u00f3n con zonas m\u00e1s urbanizadas.<\/li>\n\n\n\n<li>Una arraigada confianza de la comunidad en los servicios que brindan los efectores estatales.<\/li>\n<\/ul>\n\n\n\n<h4 class=\"wp-block-heading\" id=\"h-otros-departamentos-con-alta-utilizacion-publica\">Otros departamentos con alta utilizaci\u00f3n p\u00fablica<\/h4>\n\n\n\n<p>La Paz no es el \u00fanico departamento con una fuerte inclinaci\u00f3n hacia el sector p\u00fablico. Otros departamentos tambi\u00e9n muestran una alta proporci\u00f3n de uso de estos servicios, lo que sugiere que en estas \u00e1reas el acceso a opciones privadas o de&nbsp;<strong>obra social&nbsp;<\/strong>podr\u00eda ser m\u00e1s limitado, o bien, la oferta y calidad del sistema p\u00fablico son la principal opci\u00f3n:<\/p>\n\n\n\n<ul>\n<li><strong>Lavalle (77.7%)<\/strong><\/li>\n\n\n\n<li><strong>Santa Rosa (76.3%)<\/strong><\/li>\n\n\n\n<li><strong>General Alvear (64.6%)<\/strong><\/li>\n\n\n\n<li><strong>Tunuy\u00e1n (63.8%)<\/strong><\/li>\n<\/ul>\n\n\n\n<p>En el otro extremo del espectro se encuentran los departamentos m\u00e1s poblados y econ\u00f3micamente activos, como la\u00a0<strong>Capital<\/strong>, donde la din\u00e1mica de atenci\u00f3n es diferente:<\/p>\n\n\n\n<p><strong>El 36.5% de la poblaci\u00f3n se atiende en el sector p\u00fablico<\/strong>&nbsp;en Ciudad, una cifra significativamente menor al promedio provincial. En contraste, un 52.4% lo hace a trav\u00e9s de un \u201cHospital o consultorio de obra social\u201d, y un 9.8% recurre a un \u201cHospital o consultorio privado\u201d.<\/p>\n\n\n\n<p>Esta distribuci\u00f3n refleja una mayor penetraci\u00f3n de la seguridad social y el sector privado en la Ciudad, probablemente vinculada a una mayor concentraci\u00f3n de oferta m\u00e9dica privada y a niveles socioecon\u00f3micos m\u00e1s elevados.<\/p>\n\n\n\n<p><strong>Fuente: www.elsol.com.ar<\/strong><\/p>\n","protected":false},"excerpt":{"rendered":"<p>Los datos m\u00e1s recientes de la\u00a0Encuesta Permanente de Hogares\u00a0(EPH)\u00a0correspondiente al 2024 en el apartado de\u00a0Salud\u00a0reflejaron una detallada\u00a0radiograf\u00eda de c\u00f3mo los mendocinos acceden a la atenci\u00f3n m\u00e9dica a la hora de necesitarlo por una enfermedad\u00a0o afecci\u00f3n El informe destaca que&nbsp;casi la mitad de los que viven en Mendoza&nbsp;as\u00ed utilizan el sector p\u00fablico sanitario. Sin embargo, se [&hellip;]<\/p>\n","protected":false},"author":2,"featured_media":13605,"comment_status":"open","ping_status":"open","sticky":false,"template":"","format":"standard","meta":[],"categories":[58],"tags":[],"_links":{"self":[{"href":"https:\/\/pasaenmendoza.com\/index.php?rest_route=\/wp\/v2\/posts\/13604"}],"collection":[{"href":"https:\/\/pasaenmendoza.com\/index.php?rest_route=\/wp\/v2\/posts"}],"about":[{"href":"https:\/\/pasaenmendoza.com\/index.php?rest_route=\/wp\/v2\/types\/post"}],"author":[{"embeddable":true,"href":"https:\/\/pasaenmendoza.com\/index.php?rest_route=\/wp\/v2\/users\/2"}],"replies":[{"embeddable":true,"href":"https:\/\/pasaenmendoza.com\/index.php?rest_route=%2Fwp%2Fv2%2Fcomments&post=13604"}],"version-history":[{"count":1,"href":"https:\/\/pasaenmendoza.com\/index.php?rest_route=\/wp\/v2\/posts\/13604\/revisions"}],"predecessor-version":[{"id":13606,"href":"https:\/\/pasaenmendoza.com\/index.php?rest_route=\/wp\/v2\/posts\/13604\/revisions\/13606"}],"wp:featuredmedia":[{"embeddable":true,"href":"https:\/\/pasaenmendoza.com\/index.php?rest_route=\/wp\/v2\/media\/13605"}],"wp:attachment":[{"href":"https:\/\/pasaenmendoza.com\/index.php?rest_route=%2Fwp%2Fv2%2Fmedia&parent=13604"}],"wp:term":[{"taxonomy":"category","embeddable":true,"href":"https:\/\/pasaenmendoza.com\/index.php?rest_route=%2Fwp%2Fv2%2Fcategories&post=13604"},{"taxonomy":"post_tag","embeddable":true,"href":"https:\/\/pasaenmendoza.com\/index.php?rest_route=%2Fwp%2Fv2%2Ftags&post=13604"}],"curies":[{"name":"wp","href":"https:\/\/api.w.org\/{rel}","templated":true}]}}