{"id":13608,"date":"2025-06-24T23:18:07","date_gmt":"2025-06-24T21:18:07","guid":{"rendered":"https:\/\/pasaenmendoza.com\/?p=13608"},"modified":"2025-06-24T23:18:08","modified_gmt":"2025-06-24T21:18:08","slug":"clausura-y-multa-de-26-millones-para-una-mina-ilegal-que-extraia-aridos-del-rio-diamante","status":"publish","type":"post","link":"https:\/\/pasaenmendoza.com\/?p=13608","title":{"rendered":"Clausura y multa de $26 millones para una mina ilegal que extra\u00eda \u00e1ridos del r\u00edo Diamante"},"content":{"rendered":"\n<p>La Direcci\u00f3n de Miner\u00eda del Ministerio de Energ\u00eda y Ambiente de Mendoza orden\u00f3 la clausura inmediata de una\u00a0<strong>mina de tercera categor\u00eda\u00a0<\/strong>que operaba de forma ilegal sobre el lecho del\u00a0<strong>r\u00edo Diamante<\/strong>, en\u00a0<strong>San Rafael<\/strong>. Adem\u00e1s, impuso una multa de\u00a0<strong>$26.000.000<\/strong>\u00a0e inici\u00f3 una denuncia penal ante la Justicia.<\/p>\n\n\n\n<p>La medida fue tomada tras una inspecci\u00f3n realizada por la&nbsp;<strong>Polic\u00eda Ambiental Minera<\/strong>, que detect\u00f3 actividad extractiva sin contar con la Declaraci\u00f3n de Impacto Ambiental (DIA) ni con la inscripci\u00f3n correspondiente como mina de tercera categor\u00eda, requisitos obligatorios seg\u00fan la legislaci\u00f3n vigente.<\/p>\n\n\n\n<p>Durante el procedimiento, los agentes labraron un acta en la que se intim\u00f3 al responsable a cesar de inmediato la actividad hasta regularizar su situaci\u00f3n. Sin embargo, el infractor manifest\u00f3 su intenci\u00f3n de&nbsp;<strong>\u201cllegar a un arreglo\u201d<\/strong>, propuesta que fue rechazada por los inspectores.<\/p>\n\n\n\n<p>En una reuni\u00f3n posterior en la sede regional de Miner\u00eda en San Rafael, se reiter\u00f3 la advertencia sobre la imposibilidad de continuar con la explotaci\u00f3n sin el cumplimiento de la normativa ambiental y minera. Ante la persistencia del incumplimiento, la autoridad minera resolvi\u00f3 clausurar tanto la mina como las instalaciones asociadas, en el marco de una infracci\u00f3n grave al C\u00f3digo de Procedimiento Minero (Ley 9529). La sanci\u00f3n econ\u00f3mica aplicada equivale a 2.600 Unidades Tributarias Mensuales (UTM), seg\u00fan la Ley Impositiva provincial.<\/p>\n\n\n\n<p>Adem\u00e1s, se formul\u00f3 una denuncia penal ante el Ministerio P\u00fablico Fiscal por la posible comisi\u00f3n de delitos ambientales y se notific\u00f3 a distintos organismos: la Direcci\u00f3n de Gesti\u00f3n y Fiscalizaci\u00f3n Ambiental, la Municipalidad de San Rafael, el Fiscal de Estado y el propietario del terreno donde se emplaza la mina.<\/p>\n\n\n\n<p>Finalmente, se intim\u00f3 al titular de la explotaci\u00f3n a presentar, en un plazo m\u00e1ximo de 30 d\u00edas h\u00e1biles, un plan de remediaci\u00f3n ambiental. En caso de no cumplir con la restauraci\u00f3n y limpieza del \u00e1rea afectada, el infractor podr\u00eda ser inhabilitado para operar, inscripto en el Registro de Infractores y obligado a costear las tareas de remediaci\u00f3n que, eventualmente, ejecutar\u00eda la autoridad ambiental provincial.<\/p>\n\n\n\n<h2 class=\"wp-block-heading\">\u00bfQu\u00e9 es una mina de&nbsp;<strong>tercera categor\u00eda<\/strong>?<\/h2>\n\n\n\n<p>Las minas de tercera categor\u00eda son aquellas que contienen&nbsp;<strong>materiales de uso com\u00fan o de escaso valor relativo<\/strong>, como:<\/p>\n\n\n\n<ul>\n<li><strong>Arenas<\/strong><\/li>\n\n\n\n<li><strong>Gravas<\/strong><\/li>\n\n\n\n<li><strong>Piedras<\/strong>&nbsp;(ripio, tosca, laja)<\/li>\n\n\n\n<li><strong>Arcillas<\/strong><\/li>\n\n\n\n<li><strong>Sal (en algunos casos)<\/strong><\/li>\n\n\n\n<li>Otros materiales utilizados en construcci\u00f3n o como \u00e1ridos<\/li>\n<\/ul>\n\n\n\n<p>Estas minas&nbsp;<strong>no suelen requerir grandes infraestructuras ni desarrollos tecnol\u00f3gicos complejos<\/strong>, pero igual deben cumplir con requisitos legales como:<\/p>\n\n\n\n<ul>\n<li>Inscripci\u00f3n en el Registro Minero<\/li>\n\n\n\n<li>Declaraci\u00f3n de Impacto Ambiental (DIA)<\/li>\n\n\n\n<li>Autorizaciones espec\u00edficas si afectan cauces de agua o zonas protegidas<\/li>\n<\/ul>\n\n\n\n<p><strong>Fuente: www.losandes.com.ar<\/strong><\/p>\n","protected":false},"excerpt":{"rendered":"<p>La Direcci\u00f3n de Miner\u00eda del Ministerio de Energ\u00eda y Ambiente de Mendoza orden\u00f3 la clausura inmediata de una\u00a0mina de tercera categor\u00eda\u00a0que operaba de forma ilegal sobre el lecho del\u00a0r\u00edo Diamante, en\u00a0San Rafael. Adem\u00e1s, impuso una multa de\u00a0$26.000.000\u00a0e inici\u00f3 una denuncia penal ante la Justicia. La medida fue tomada tras una inspecci\u00f3n realizada por la&nbsp;Polic\u00eda Ambiental [&hellip;]<\/p>\n","protected":false},"author":2,"featured_media":13609,"comment_status":"open","ping_status":"open","sticky":false,"template":"","format":"standard","meta":[],"categories":[116],"tags":[],"_links":{"self":[{"href":"https:\/\/pasaenmendoza.com\/index.php?rest_route=\/wp\/v2\/posts\/13608"}],"collection":[{"href":"https:\/\/pasaenmendoza.com\/index.php?rest_route=\/wp\/v2\/posts"}],"about":[{"href":"https:\/\/pasaenmendoza.com\/index.php?rest_route=\/wp\/v2\/types\/post"}],"author":[{"embeddable":true,"href":"https:\/\/pasaenmendoza.com\/index.php?rest_route=\/wp\/v2\/users\/2"}],"replies":[{"embeddable":true,"href":"https:\/\/pasaenmendoza.com\/index.php?rest_route=%2Fwp%2Fv2%2Fcomments&post=13608"}],"version-history":[{"count":1,"href":"https:\/\/pasaenmendoza.com\/index.php?rest_route=\/wp\/v2\/posts\/13608\/revisions"}],"predecessor-version":[{"id":13610,"href":"https:\/\/pasaenmendoza.com\/index.php?rest_route=\/wp\/v2\/posts\/13608\/revisions\/13610"}],"wp:featuredmedia":[{"embeddable":true,"href":"https:\/\/pasaenmendoza.com\/index.php?rest_route=\/wp\/v2\/media\/13609"}],"wp:attachment":[{"href":"https:\/\/pasaenmendoza.com\/index.php?rest_route=%2Fwp%2Fv2%2Fmedia&parent=13608"}],"wp:term":[{"taxonomy":"category","embeddable":true,"href":"https:\/\/pasaenmendoza.com\/index.php?rest_route=%2Fwp%2Fv2%2Fcategories&post=13608"},{"taxonomy":"post_tag","embeddable":true,"href":"https:\/\/pasaenmendoza.com\/index.php?rest_route=%2Fwp%2Fv2%2Ftags&post=13608"}],"curies":[{"name":"wp","href":"https:\/\/api.w.org\/{rel}","templated":true}]}}