{"id":13611,"date":"2025-06-25T14:57:26","date_gmt":"2025-06-25T12:57:26","guid":{"rendered":"https:\/\/pasaenmendoza.com\/?p=13611"},"modified":"2025-06-25T14:57:27","modified_gmt":"2025-06-25T12:57:27","slug":"miercoles-muy-frio-y-ventoso-asi-estara-el-tiempo-en-mendoza","status":"publish","type":"post","link":"https:\/\/pasaenmendoza.com\/?p=13611","title":{"rendered":"Mi\u00e9rcoles muy fr\u00edo y ventoso: as\u00ed estar\u00e1 el tiempo en Mendoza"},"content":{"rendered":"\n<p>El&nbsp;<strong>mi\u00e9rcoles<\/strong>&nbsp;arranca con cielo \u201calgo nublado y&nbsp;<strong>ventoso con descenso de la temperatura,<\/strong>&nbsp;vientos moderados del sector sur. Nevadas en cordillera\u201d.<\/p>\n\n\n\n<p><strong>La m\u00ednima ser\u00e1 de 1 grado y la m\u00e1xima de 13.<\/strong><\/p>\n\n\n\n<p>Para el\u00a0<strong>jueves,<\/strong>\u00a0la Direcci\u00f3n de Contingencias Clim\u00e1ticas indica: \u201cPoca nubosidad con ascenso de la temperatura, vientos leves del este. heladas parciales\u201d.<\/p>\n\n\n\n<p><strong>La m\u00ednima ser\u00e1 de 1 grado y la m\u00e1xima de 15.<\/strong><\/p>\n\n\n\n<p>El&nbsp;<strong>viernes<\/strong>&nbsp;estar\u00e1 con \u201cpoca nubosidad con poco cambio de la temperatura, vientos leves del noreste. Desmejorando en cordillera\u201d.<\/p>\n\n\n\n<p><strong>La m\u00ednima ser\u00e1 de 0 grados y la m\u00e1xima de 13.<\/strong><\/p>\n\n\n\n<p><strong>Fuente: www.elsol.com.ar<\/strong><\/p>\n","protected":false},"excerpt":{"rendered":"<p>El&nbsp;mi\u00e9rcoles&nbsp;arranca con cielo \u201calgo nublado y&nbsp;ventoso con descenso de la temperatura,&nbsp;vientos moderados del sector sur. Nevadas en cordillera\u201d. La m\u00ednima ser\u00e1 de 1 grado y la m\u00e1xima de 13. Para el\u00a0jueves,\u00a0la Direcci\u00f3n de Contingencias Clim\u00e1ticas indica: \u201cPoca nubosidad con ascenso de la temperatura, vientos leves del este. heladas parciales\u201d. La m\u00ednima ser\u00e1 de 1 grado [&hellip;]<\/p>\n","protected":false},"author":2,"featured_media":13612,"comment_status":"open","ping_status":"open","sticky":false,"template":"","format":"standard","meta":[],"categories":[52],"tags":[],"_links":{"self":[{"href":"https:\/\/pasaenmendoza.com\/index.php?rest_route=\/wp\/v2\/posts\/13611"}],"collection":[{"href":"https:\/\/pasaenmendoza.com\/index.php?rest_route=\/wp\/v2\/posts"}],"about":[{"href":"https:\/\/pasaenmendoza.com\/index.php?rest_route=\/wp\/v2\/types\/post"}],"author":[{"embeddable":true,"href":"https:\/\/pasaenmendoza.com\/index.php?rest_route=\/wp\/v2\/users\/2"}],"replies":[{"embeddable":true,"href":"https:\/\/pasaenmendoza.com\/index.php?rest_route=%2Fwp%2Fv2%2Fcomments&post=13611"}],"version-history":[{"count":1,"href":"https:\/\/pasaenmendoza.com\/index.php?rest_route=\/wp\/v2\/posts\/13611\/revisions"}],"predecessor-version":[{"id":13613,"href":"https:\/\/pasaenmendoza.com\/index.php?rest_route=\/wp\/v2\/posts\/13611\/revisions\/13613"}],"wp:featuredmedia":[{"embeddable":true,"href":"https:\/\/pasaenmendoza.com\/index.php?rest_route=\/wp\/v2\/media\/13612"}],"wp:attachment":[{"href":"https:\/\/pasaenmendoza.com\/index.php?rest_route=%2Fwp%2Fv2%2Fmedia&parent=13611"}],"wp:term":[{"taxonomy":"category","embeddable":true,"href":"https:\/\/pasaenmendoza.com\/index.php?rest_route=%2Fwp%2Fv2%2Fcategories&post=13611"},{"taxonomy":"post_tag","embeddable":true,"href":"https:\/\/pasaenmendoza.com\/index.php?rest_route=%2Fwp%2Fv2%2Ftags&post=13611"}],"curies":[{"name":"wp","href":"https:\/\/api.w.org\/{rel}","templated":true}]}}