{"id":13620,"date":"2025-06-25T15:50:41","date_gmt":"2025-06-25T13:50:41","guid":{"rendered":"https:\/\/pasaenmendoza.com\/?p=13620"},"modified":"2025-06-25T15:50:43","modified_gmt":"2025-06-25T13:50:43","slug":"dia-del-empleado-publico-que-dependencias-no-abren-este-viernes-27","status":"publish","type":"post","link":"https:\/\/pasaenmendoza.com\/?p=13620","title":{"rendered":"D\u00eda del Empleado P\u00fablico: qu\u00e9 dependencias no abren este viernes 27"},"content":{"rendered":"\n<p>&nbsp;Este<strong>&nbsp;viernes 27 de junio<\/strong>, la<strong>&nbsp;Administraci\u00f3n Tributaria Mendoza (ATM)<\/strong>&nbsp;y otras dependencias del gobierno provincial no abrir\u00e1n sus puertas en conmemoraci\u00f3n del&nbsp;<strong>D\u00eda del Empleado P\u00fablico de la Administraci\u00f3n Central.&nbsp;<\/strong><\/p>\n\n\n\n<p>Esta decisi\u00f3n se basa en la Ley N\u00b0 8570 y su Decreto Reglamentario N\u00b0 1048\/14, que establece esta fecha como no laborable para los empleados de la administraci\u00f3n p\u00fablica.<\/p>\n\n\n\n<p>La resoluci\u00f3n, publicada en el Bolet\u00edn Oficial este mi\u00e9rcoles 25 de junio, se\u00f1ala que los empleados de la ATM no hab\u00edan gozado de un d\u00eda no laborable espec\u00edfico como parte de su actividad.\u00a0<\/p>\n\n\n\n<p>Por ello, se ha decidido adherir a lo dispuesto por la ley, reconociendo la importancia de este d\u00eda para todos los trabajadores del sector p\u00fablico.<\/p>\n\n\n\n<p>Es importante destacar que, aunque las oficinas estar\u00e1n cerradas, los actos administrativos que se realicen ese d\u00eda mantendr\u00e1n su validez. Se recomienda a los contribuyentes y responsables que planifiquen sus tr\u00e1mites con antelaci\u00f3n para evitar inconvenientes.<\/p>\n\n\n\n<p>\u00a0Las autoridades han instado a la comunidad a tomar nota de este cierre y a comunicarse con la ATM a trav\u00e9s de su p\u00e1gina web para cualquier consulta o informaci\u00f3n adicional.\u00a0<strong>La administraci\u00f3n p\u00fablica reanudar\u00e1 sus actividades habituales el lunes 30 de junio.\u00a0<\/strong><\/p>\n\n\n\n<p><strong>Fuente: www.mendozapost.com<\/strong><\/p>\n","protected":false},"excerpt":{"rendered":"<p>&nbsp;Este&nbsp;viernes 27 de junio, la&nbsp;Administraci\u00f3n Tributaria Mendoza (ATM)&nbsp;y otras dependencias del gobierno provincial no abrir\u00e1n sus puertas en conmemoraci\u00f3n del&nbsp;D\u00eda del Empleado P\u00fablico de la Administraci\u00f3n Central.&nbsp; Esta decisi\u00f3n se basa en la Ley N\u00b0 8570 y su Decreto Reglamentario N\u00b0 1048\/14, que establece esta fecha como no laborable para los empleados de la administraci\u00f3n [&hellip;]<\/p>\n","protected":false},"author":2,"featured_media":13621,"comment_status":"open","ping_status":"open","sticky":false,"template":"","format":"standard","meta":[],"categories":[50],"tags":[],"_links":{"self":[{"href":"https:\/\/pasaenmendoza.com\/index.php?rest_route=\/wp\/v2\/posts\/13620"}],"collection":[{"href":"https:\/\/pasaenmendoza.com\/index.php?rest_route=\/wp\/v2\/posts"}],"about":[{"href":"https:\/\/pasaenmendoza.com\/index.php?rest_route=\/wp\/v2\/types\/post"}],"author":[{"embeddable":true,"href":"https:\/\/pasaenmendoza.com\/index.php?rest_route=\/wp\/v2\/users\/2"}],"replies":[{"embeddable":true,"href":"https:\/\/pasaenmendoza.com\/index.php?rest_route=%2Fwp%2Fv2%2Fcomments&post=13620"}],"version-history":[{"count":1,"href":"https:\/\/pasaenmendoza.com\/index.php?rest_route=\/wp\/v2\/posts\/13620\/revisions"}],"predecessor-version":[{"id":13622,"href":"https:\/\/pasaenmendoza.com\/index.php?rest_route=\/wp\/v2\/posts\/13620\/revisions\/13622"}],"wp:featuredmedia":[{"embeddable":true,"href":"https:\/\/pasaenmendoza.com\/index.php?rest_route=\/wp\/v2\/media\/13621"}],"wp:attachment":[{"href":"https:\/\/pasaenmendoza.com\/index.php?rest_route=%2Fwp%2Fv2%2Fmedia&parent=13620"}],"wp:term":[{"taxonomy":"category","embeddable":true,"href":"https:\/\/pasaenmendoza.com\/index.php?rest_route=%2Fwp%2Fv2%2Fcategories&post=13620"},{"taxonomy":"post_tag","embeddable":true,"href":"https:\/\/pasaenmendoza.com\/index.php?rest_route=%2Fwp%2Fv2%2Ftags&post=13620"}],"curies":[{"name":"wp","href":"https:\/\/api.w.org\/{rel}","templated":true}]}}