{"id":13624,"date":"2025-06-25T20:58:50","date_gmt":"2025-06-25T18:58:50","guid":{"rendered":"https:\/\/pasaenmendoza.com\/?p=13624"},"modified":"2025-06-25T20:58:51","modified_gmt":"2025-06-25T18:58:51","slug":"enfermeros-autoconvocados-estan-de-paro-y-reclaman-por-mejores-salarios-en-el-hospital-central","status":"publish","type":"post","link":"https:\/\/pasaenmendoza.com\/?p=13624","title":{"rendered":"Enfermeros autoconvocados est\u00e1n de paro y reclaman por mejores salarios en el Hospital Central"},"content":{"rendered":"\n<p>Este mi\u00e9rcoles, un grupo de\u00a0<strong>enfermeros autoconvocados del\u00a0Hospital Central<\/strong>\u00a0inici\u00f3 un\u00a0<strong>paro de actividades\u00a0<\/strong>en\u00a0<strong>reclamo de mejores condiciones laborales y salariales<\/strong>. La protesta se replic\u00f3 con la presencia de trabajadores del<strong>\u00a0Notti, del Lagomaggiore<\/strong>\u00a0y personal del\u00a0<strong>R\u00e9gimen 15<\/strong>.<\/p>\n\n\n\n<p>Los\u00a0<strong>manifestantes\u00a0<\/strong>denunciaron que, en promedio, perciben sueldos de\u00a0<strong>$750.000 por 160 horas mensuales<\/strong>, una cifra que consideran insuficiente frente al nivel de exigencia y responsabilidad de su labor.<\/p>\n\n\n\n<p>&#8220;Vamos a seguir con las medidas en los pr\u00f3ximos d\u00edas si no hay respuestas&#8221;, advirtieron desde el grupo, que exigi\u00f3 una\u00a0<strong>reuni\u00f3n con el ministro de Salud de la provincia<\/strong>\u00a0para plantear sus reclamos en forma directa.<\/p>\n\n\n\n<p><strong>Fuente: www.diariomendoza.com.ar<\/strong><\/p>\n\n\n\n<p><a href=\"https:\/\/www.diariomendoza.com.ar\/sociedad\/el-gobierno-reduce-tasa-interes-deudores-facilita-pagos-tributarios-n107221\"><\/a><\/p>\n","protected":false},"excerpt":{"rendered":"<p>Este mi\u00e9rcoles, un grupo de\u00a0enfermeros autoconvocados del\u00a0Hospital Central\u00a0inici\u00f3 un\u00a0paro de actividades\u00a0en\u00a0reclamo de mejores condiciones laborales y salariales. La protesta se replic\u00f3 con la presencia de trabajadores del\u00a0Notti, del Lagomaggiore\u00a0y personal del\u00a0R\u00e9gimen 15. Los\u00a0manifestantes\u00a0denunciaron que, en promedio, perciben sueldos de\u00a0$750.000 por 160 horas mensuales, una cifra que consideran insuficiente frente al nivel de exigencia y responsabilidad [&hellip;]<\/p>\n","protected":false},"author":2,"featured_media":13625,"comment_status":"open","ping_status":"open","sticky":false,"template":"","format":"standard","meta":[],"categories":[58],"tags":[],"_links":{"self":[{"href":"https:\/\/pasaenmendoza.com\/index.php?rest_route=\/wp\/v2\/posts\/13624"}],"collection":[{"href":"https:\/\/pasaenmendoza.com\/index.php?rest_route=\/wp\/v2\/posts"}],"about":[{"href":"https:\/\/pasaenmendoza.com\/index.php?rest_route=\/wp\/v2\/types\/post"}],"author":[{"embeddable":true,"href":"https:\/\/pasaenmendoza.com\/index.php?rest_route=\/wp\/v2\/users\/2"}],"replies":[{"embeddable":true,"href":"https:\/\/pasaenmendoza.com\/index.php?rest_route=%2Fwp%2Fv2%2Fcomments&post=13624"}],"version-history":[{"count":1,"href":"https:\/\/pasaenmendoza.com\/index.php?rest_route=\/wp\/v2\/posts\/13624\/revisions"}],"predecessor-version":[{"id":13626,"href":"https:\/\/pasaenmendoza.com\/index.php?rest_route=\/wp\/v2\/posts\/13624\/revisions\/13626"}],"wp:featuredmedia":[{"embeddable":true,"href":"https:\/\/pasaenmendoza.com\/index.php?rest_route=\/wp\/v2\/media\/13625"}],"wp:attachment":[{"href":"https:\/\/pasaenmendoza.com\/index.php?rest_route=%2Fwp%2Fv2%2Fmedia&parent=13624"}],"wp:term":[{"taxonomy":"category","embeddable":true,"href":"https:\/\/pasaenmendoza.com\/index.php?rest_route=%2Fwp%2Fv2%2Fcategories&post=13624"},{"taxonomy":"post_tag","embeddable":true,"href":"https:\/\/pasaenmendoza.com\/index.php?rest_route=%2Fwp%2Fv2%2Ftags&post=13624"}],"curies":[{"name":"wp","href":"https:\/\/api.w.org\/{rel}","templated":true}]}}