{"id":1363,"date":"2023-09-11T16:42:43","date_gmt":"2023-09-11T14:42:43","guid":{"rendered":"https:\/\/pasaenmendoza.com\/?p=1363"},"modified":"2023-09-11T16:42:44","modified_gmt":"2023-09-11T14:42:44","slug":"los-puquios-extendio-su-temporada-por-las-fuertes-tormentas-de-nieve","status":"publish","type":"post","link":"https:\/\/pasaenmendoza.com\/?p=1363","title":{"rendered":"Los Puquios extendi\u00f3 su temporada por las fuertes tormentas de nieve"},"content":{"rendered":"\n<p>La temporada invernal para los principales centros de esqu\u00ed de\u00a0<strong>Mendoza<\/strong>\u00a0ven\u00eda muy floja. Arranc\u00f3 mal, con poca nieve, sin embargo,\u00a0<mark>las fuertes tormentas n\u00edveas que se registraron en las \u00faltimas semanas cambiaron el panorama.<\/mark><\/p>\n\n\n\n<p>Lo cierto es que en las \u00faltimas horas, los responsables del\u00a0<strong>Parque de Nieve Los Puquios\u00a0<\/strong>anunciaron que gracias a las \u00faltimas tormentas de nieve\u00a0<mark>se extender\u00e1 la temporada hasta el 17 de septiembre.<\/mark><\/p>\n\n\n\n<p>A pesar de que desde el mi\u00e9rcoles comienzan a mejorar las condiciones en alta monta\u00f1a y las temperaturas van en ascenso, haciendo que la conservaci\u00f3n de la nieve sea menor a la deseada, el Parque augura una semana m\u00e1s de diversi\u00f3n.<\/p>\n\n\n\n<p>Antes esto, en\u00a0<mark>Los Puquios han decidido extender el Concurso del Mu\u00f1eco de Nieve m\u00e1s lindo del Mundo.<\/mark><\/p>\n\n\n\n<p>Y como si fuera poco,<mark>\u00a0lanz\u00f3 una promoci\u00f3n exclusiva para mendocinos de 4\u00d72 en pases.<\/mark>\u00a0La misma arranca este lunes y se extiende hasta el jueves 14 de septiembre. Permite que ingresen 4 personas, y paguen s\u00f3lo 2 (en pases).<\/p>\n\n\n\n<p>Una buena excusa para disfrutar de una monta\u00f1a repleta de nieve desde Punta de Vacas hasta Las Cuevas.<\/p>\n\n\n\n<p><strong>Fuente: www.elsol.com.ar<\/strong><\/p>\n","protected":false},"excerpt":{"rendered":"<p>La temporada invernal para los principales centros de esqu\u00ed de\u00a0Mendoza\u00a0ven\u00eda muy floja. Arranc\u00f3 mal, con poca nieve, sin embargo,\u00a0las fuertes tormentas n\u00edveas que se registraron en las \u00faltimas semanas cambiaron el panorama. Lo cierto es que en las \u00faltimas horas, los responsables del\u00a0Parque de Nieve Los Puquios\u00a0anunciaron que gracias a las \u00faltimas tormentas de nieve\u00a0se [&hellip;]<\/p>\n","protected":false},"author":2,"featured_media":1364,"comment_status":"open","ping_status":"open","sticky":false,"template":"","format":"standard","meta":[],"categories":[50],"tags":[],"_links":{"self":[{"href":"https:\/\/pasaenmendoza.com\/index.php?rest_route=\/wp\/v2\/posts\/1363"}],"collection":[{"href":"https:\/\/pasaenmendoza.com\/index.php?rest_route=\/wp\/v2\/posts"}],"about":[{"href":"https:\/\/pasaenmendoza.com\/index.php?rest_route=\/wp\/v2\/types\/post"}],"author":[{"embeddable":true,"href":"https:\/\/pasaenmendoza.com\/index.php?rest_route=\/wp\/v2\/users\/2"}],"replies":[{"embeddable":true,"href":"https:\/\/pasaenmendoza.com\/index.php?rest_route=%2Fwp%2Fv2%2Fcomments&post=1363"}],"version-history":[{"count":1,"href":"https:\/\/pasaenmendoza.com\/index.php?rest_route=\/wp\/v2\/posts\/1363\/revisions"}],"predecessor-version":[{"id":1365,"href":"https:\/\/pasaenmendoza.com\/index.php?rest_route=\/wp\/v2\/posts\/1363\/revisions\/1365"}],"wp:featuredmedia":[{"embeddable":true,"href":"https:\/\/pasaenmendoza.com\/index.php?rest_route=\/wp\/v2\/media\/1364"}],"wp:attachment":[{"href":"https:\/\/pasaenmendoza.com\/index.php?rest_route=%2Fwp%2Fv2%2Fmedia&parent=1363"}],"wp:term":[{"taxonomy":"category","embeddable":true,"href":"https:\/\/pasaenmendoza.com\/index.php?rest_route=%2Fwp%2Fv2%2Fcategories&post=1363"},{"taxonomy":"post_tag","embeddable":true,"href":"https:\/\/pasaenmendoza.com\/index.php?rest_route=%2Fwp%2Fv2%2Ftags&post=1363"}],"curies":[{"name":"wp","href":"https:\/\/api.w.org\/{rel}","templated":true}]}}