{"id":13630,"date":"2025-06-25T21:09:02","date_gmt":"2025-06-25T19:09:02","guid":{"rendered":"https:\/\/pasaenmendoza.com\/?p=13630"},"modified":"2025-06-25T21:09:03","modified_gmt":"2025-06-25T19:09:03","slug":"el-intendente-de-rivadavia-reaparecio-en-silla-de-ruedas-y-dijo-estar-dispuesto-a-volver-al-cargo","status":"publish","type":"post","link":"https:\/\/pasaenmendoza.com\/?p=13630","title":{"rendered":"El intendente de Rivadavia reapareci\u00f3 en silla de ruedas y dijo estar dispuesto a volver al cargo"},"content":{"rendered":"\n<p>Despu\u00e9s de casi tres meses de haber sufrido un ACV, el\u00a0<strong>intendente de Rivadavia,\u00a0Ricardo Mansur<\/strong>\u00a0reapareci\u00f3 en la escena pol\u00edtica y pese a que todav\u00eda se moviliza con una silla de ruedas, se mostr\u00f3 esperanzado en<strong>\u00a0volver a su cargo en poco menos de 30 d\u00edas<\/strong>. Se supone que ese tiempo le llevar\u00e1 recuperar por completo la movilidad de su pierna izquierda, una secuela que le qued\u00f3 de aquel accidente cerebro vascular.<\/p>\n\n\n\n<p><strong>Mansur<\/strong>\u00a0decidi\u00f3 hacer una conferencia de prensa para contar c\u00f3mo ha sido su recuperaci\u00f3n, pero tambi\u00e9n para espantar fantasmas y rumores que aseguraban que su afecci\u00f3n lo llevar\u00eda a tener que dejar el cargo de intendente.<\/p>\n\n\n\n<p>&#8220;<strong>Tengo much\u00edsimas ganas de continuar&#8221;<\/strong>, ratific\u00f3 en el momento y cont\u00f3 que hab\u00eda hablado con los concejales para pedir una licencia de 30 d\u00edas: &#8220;a lo mejor es menos, eso me va a permitir recuperar el tobillo izquierdo y&nbsp;<strong>volver caminando<\/strong>, m\u00e1s all\u00e1 de que no ser\u00eda un inconveniente para m\u00ed hacerlo en silla de ruedas&#8221;,marc\u00f3.<\/p>\n\n\n\n<p>Record\u00f3 que el ACV que sufri\u00f3 le inmoviliz\u00f3 el costado izquierdo del cuerpo, algo que a \u00e9l lo perjudic\u00f3 a\u00fan m\u00e1s porque es zurdo y debi\u00f3 enfrentar una larga rehabilitaci\u00f3n para poder llegar a movilizarse ahora con la ayuda de una silla de ruedas.<\/p>\n\n\n\n<p>El jefe comunal se mostr\u00f3 acompa\u00f1ado de&nbsp;<strong>Luis Garc\u00eda Llaur\u00f3<\/strong>, hoy presidente del Concejo Deliberante y a cargo de la intendencia desde que Mansur sufri\u00f3 el ACV cuando estaba de vacaciones en C\u00f3rdoba.<\/p>\n\n\n\n<h2 class=\"wp-block-heading\">Al sucesor de Mansur sali\u00f3 a golpearlo el radicalismo<\/h2>\n\n\n\n<p><strong>Ricardo Mansur&nbsp;<\/strong>lleg\u00f3 a su cuarta gesti\u00f3n como intendente de la mano del partido&nbsp;<strong>Sembrar<\/strong>, una fuerza comunal a la que se sum\u00f3 el Socialismo. El ex radical se distanci\u00f3 de la UCR y desde que era concejal se encarg\u00f3 de mostrar sus&nbsp;<strong>diferencias con su antecesor, el ex intendente Miguel Ronco.<\/strong><\/p>\n\n\n\n<p>Hace tres meses, luego de su ACV, se hizo cargo de la intendencia&nbsp;<strong>Luis Garc\u00eda Llaur\u00f3<\/strong>, el&nbsp;<strong>presidente del Concejo Deliberante<\/strong>&nbsp;que proviene de las filas del socialismo.<\/p>\n\n\n\n<p>Contra \u00e9l carg\u00f3 las tintas hace poco Hern\u00e1n Amat, quien fuera parte de la gesti\u00f3n de Ronco y hoy ocupa el cargo de Secretario de Relaciones con la comunidad del Ministerio de Seguridad.<\/p>\n\n\n\n<p>Amat no titube\u00f3 al asegurar que Rivadavia era comandada por un funcionario &#8220;que no sabe nada de administraci\u00f3n y que no ha gestionado nada en su vida. Eso se ve en el estado de la comuna, no se est\u00e1 cumpliendo ni con el alumbrado, el barrido ni la limpieza&#8221;, apunt\u00f3.<\/p>\n\n\n\n<p>En pocos meses la gesti\u00f3n de Mansur deber\u00e1 enfrentar las elecciones legislativas y all\u00ed pondr\u00e1 en juego 3 bancas del Concejo Deliberante y el control que hoy tiene de ese cuerpo. De esos comicios depender\u00e1 tambi\u00e9n c\u00f3mo transcurre el intendente los dos a\u00f1os que le quedan de gesti\u00f3n.<\/p>\n\n\n\n<p><strong>Fuente: www.diariouno.com.ar<\/strong><\/p>\n","protected":false},"excerpt":{"rendered":"<p>Despu\u00e9s de casi tres meses de haber sufrido un ACV, el\u00a0intendente de Rivadavia,\u00a0Ricardo Mansur\u00a0reapareci\u00f3 en la escena pol\u00edtica y pese a que todav\u00eda se moviliza con una silla de ruedas, se mostr\u00f3 esperanzado en\u00a0volver a su cargo en poco menos de 30 d\u00edas. Se supone que ese tiempo le llevar\u00e1 recuperar por completo la movilidad [&hellip;]<\/p>\n","protected":false},"author":2,"featured_media":13631,"comment_status":"open","ping_status":"open","sticky":false,"template":"","format":"standard","meta":[],"categories":[47],"tags":[],"_links":{"self":[{"href":"https:\/\/pasaenmendoza.com\/index.php?rest_route=\/wp\/v2\/posts\/13630"}],"collection":[{"href":"https:\/\/pasaenmendoza.com\/index.php?rest_route=\/wp\/v2\/posts"}],"about":[{"href":"https:\/\/pasaenmendoza.com\/index.php?rest_route=\/wp\/v2\/types\/post"}],"author":[{"embeddable":true,"href":"https:\/\/pasaenmendoza.com\/index.php?rest_route=\/wp\/v2\/users\/2"}],"replies":[{"embeddable":true,"href":"https:\/\/pasaenmendoza.com\/index.php?rest_route=%2Fwp%2Fv2%2Fcomments&post=13630"}],"version-history":[{"count":1,"href":"https:\/\/pasaenmendoza.com\/index.php?rest_route=\/wp\/v2\/posts\/13630\/revisions"}],"predecessor-version":[{"id":13632,"href":"https:\/\/pasaenmendoza.com\/index.php?rest_route=\/wp\/v2\/posts\/13630\/revisions\/13632"}],"wp:featuredmedia":[{"embeddable":true,"href":"https:\/\/pasaenmendoza.com\/index.php?rest_route=\/wp\/v2\/media\/13631"}],"wp:attachment":[{"href":"https:\/\/pasaenmendoza.com\/index.php?rest_route=%2Fwp%2Fv2%2Fmedia&parent=13630"}],"wp:term":[{"taxonomy":"category","embeddable":true,"href":"https:\/\/pasaenmendoza.com\/index.php?rest_route=%2Fwp%2Fv2%2Fcategories&post=13630"},{"taxonomy":"post_tag","embeddable":true,"href":"https:\/\/pasaenmendoza.com\/index.php?rest_route=%2Fwp%2Fv2%2Ftags&post=13630"}],"curies":[{"name":"wp","href":"https:\/\/api.w.org\/{rel}","templated":true}]}}