{"id":13635,"date":"2025-06-25T21:20:58","date_gmt":"2025-06-25T19:20:58","guid":{"rendered":"https:\/\/pasaenmendoza.com\/?p=13635"},"modified":"2025-06-25T21:20:59","modified_gmt":"2025-06-25T19:20:59","slug":"la-camara-de-diputados-suspendio-las-paso-y-los-mendocinos-solo-votaran-una-vez-en-el-2025","status":"publish","type":"post","link":"https:\/\/pasaenmendoza.com\/?p=13635","title":{"rendered":"La C\u00e1mara de Diputados suspendi\u00f3 las PASO y los mendocinos s\u00f3lo votar\u00e1n una vez en el 2025"},"content":{"rendered":"\n<p>Con\u00a0<strong>36 votos a favor la C\u00e1mara de Diputados<\/strong>\u00a0convirti\u00f3 en ley la\u00a0<strong>suspensi\u00f3n de las\u00a0elecciones PASO<\/strong>\u00a0en Mendoza, tanto para este a\u00f1o como para el 2026. La iniciativa oficialista cosech\u00f3 9 votos en contra entre los del PJ, el massismo y el de Jos\u00e9 Luis Ram\u00f3n.<\/p>\n\n\n\n<p>Con esa medida vigente, y sin que a\u00fan el gobernador Alfredo Cornejo defina si unificar\u00e1 o no las elecciones con la Naci\u00f3n, est\u00e1 confirmado que los mendocinos ir\u00e1n a votar s\u00f3lo una vez este a\u00f1o: ser\u00e1 el&nbsp;<strong>26 de octubre<\/strong>, cuando se deba elegir al menos los candidatos a diputados nacionales.<\/p>\n\n\n\n<p>Si avanzara con mantener desdobladas las elecciones legislativas -como est\u00e1 previsto en la ley electoral-&nbsp;<strong>tampoco habr\u00e1 PASO en el 2026<\/strong>, y los electores locales deber\u00e1n ir a las urnas en abril del pr\u00f3ximo a\u00f1o para elegir a los legisladores que renovar\u00e1n la mitad de la C\u00e1mara de Diputados y la mitad de la de Senadores.<\/p>\n\n\n\n<p>Si adem\u00e1s alg\u00fan intendente decidiera desdoblar sus elecciones, como se dice que especulan los 7 jefes comunales del PJ, los votantes de esas comunas deber\u00e1n acudir otra vez a votar en febrero del pr\u00f3ximo a\u00f1o.<\/p>\n\n\n\n<p>La iniciativa de la&nbsp;<strong>diputada del PRO, Stella Huczak<\/strong>&nbsp;cont\u00f3 con el respaldo de todo el oficialismo de Cambia Mendoza, pero en el camino se modific\u00f3 porque en medio de la discusi\u00f3n que se dio en el Senado, se decidi\u00f3 ampliar la suspensi\u00f3n de las PASO tambi\u00e9n para el 2026. El proyecto original lo restring\u00eda s\u00f3lo al 2025.<\/p>\n\n\n\n<h2 class=\"wp-block-heading\">&#8220;Es un misterio el cronograma electoral de Mendoza y eso es grave&#8221;<\/h2>\n\n\n\n<p>Como ya lo hizo en el Senado, este mi\u00e9rcoles los diputados del\u00a0<strong>PJ<\/strong>\u00a0volvieron a rechazar la\u00a0<strong>suspensi\u00f3n de las PASO<\/strong>, bajo el argumento de que no tiene sentido suspender esas elecciones primarias sin saber a\u00fan c\u00f3mo ser\u00e1 el cronograma electoral mendocino, ya que el gobernador a\u00fan no define si unificar\u00e1 o no los comicios provinciales con los nacionales.<\/p>\n\n\n\n<p>&#8220;Ac\u00e1 hay un misterio de cual va a ser el&nbsp;<strong>cronograma<\/strong>, y esto no s\u00f3lo perjudica a los partidos pol\u00edticos sino que es un ataque a la institucionalidad que supuestamente tiene Mendoza&#8221;, se quej\u00f3 el presidente del bloque del PJ,&nbsp;<strong>Germ\u00e1n G\u00f3mez.<\/strong><\/p>\n\n\n\n<p>El legislador sure\u00f1o asegur\u00f3 que esa&nbsp;<strong>indefinici\u00f3n del gobernador<\/strong>&nbsp;se debe a que &#8220;est\u00e1 en un juego de intereses netamente pol\u00edtico y partidario con las Fuerzas del Cielo. Est\u00e1 en una discusi\u00f3n de cargos y no de pol\u00edticas de Gobierno, de c\u00f3mo van a llenar los cargos de diputados, y no en lo que realmente le interesa a los mendocinos&#8221;, dispar\u00f3.<\/p>\n\n\n\n<p>Es m\u00e1s confirm\u00f3 que el PJ avanza con la decisi\u00f3n de llevar a la Justicia esa indefinici\u00f3n, como para que\u00a0la Corte emplace al gobernador a que confirme cu\u00e1ndo se elegir\u00e1 a los legisladores provinciales.<\/p>\n\n\n\n<p><strong>Fuente: www.diariouno.com.ar<\/strong><\/p>\n","protected":false},"excerpt":{"rendered":"<p>Con\u00a036 votos a favor la C\u00e1mara de Diputados\u00a0convirti\u00f3 en ley la\u00a0suspensi\u00f3n de las\u00a0elecciones PASO\u00a0en Mendoza, tanto para este a\u00f1o como para el 2026. La iniciativa oficialista cosech\u00f3 9 votos en contra entre los del PJ, el massismo y el de Jos\u00e9 Luis Ram\u00f3n. Con esa medida vigente, y sin que a\u00fan el gobernador Alfredo Cornejo [&hellip;]<\/p>\n","protected":false},"author":2,"featured_media":13636,"comment_status":"open","ping_status":"open","sticky":false,"template":"","format":"standard","meta":[],"categories":[47],"tags":[],"_links":{"self":[{"href":"https:\/\/pasaenmendoza.com\/index.php?rest_route=\/wp\/v2\/posts\/13635"}],"collection":[{"href":"https:\/\/pasaenmendoza.com\/index.php?rest_route=\/wp\/v2\/posts"}],"about":[{"href":"https:\/\/pasaenmendoza.com\/index.php?rest_route=\/wp\/v2\/types\/post"}],"author":[{"embeddable":true,"href":"https:\/\/pasaenmendoza.com\/index.php?rest_route=\/wp\/v2\/users\/2"}],"replies":[{"embeddable":true,"href":"https:\/\/pasaenmendoza.com\/index.php?rest_route=%2Fwp%2Fv2%2Fcomments&post=13635"}],"version-history":[{"count":1,"href":"https:\/\/pasaenmendoza.com\/index.php?rest_route=\/wp\/v2\/posts\/13635\/revisions"}],"predecessor-version":[{"id":13637,"href":"https:\/\/pasaenmendoza.com\/index.php?rest_route=\/wp\/v2\/posts\/13635\/revisions\/13637"}],"wp:featuredmedia":[{"embeddable":true,"href":"https:\/\/pasaenmendoza.com\/index.php?rest_route=\/wp\/v2\/media\/13636"}],"wp:attachment":[{"href":"https:\/\/pasaenmendoza.com\/index.php?rest_route=%2Fwp%2Fv2%2Fmedia&parent=13635"}],"wp:term":[{"taxonomy":"category","embeddable":true,"href":"https:\/\/pasaenmendoza.com\/index.php?rest_route=%2Fwp%2Fv2%2Fcategories&post=13635"},{"taxonomy":"post_tag","embeddable":true,"href":"https:\/\/pasaenmendoza.com\/index.php?rest_route=%2Fwp%2Fv2%2Ftags&post=13635"}],"curies":[{"name":"wp","href":"https:\/\/api.w.org\/{rel}","templated":true}]}}