{"id":13638,"date":"2025-06-26T15:01:24","date_gmt":"2025-06-26T13:01:24","guid":{"rendered":"https:\/\/pasaenmendoza.com\/?p=13638"},"modified":"2025-06-26T15:01:25","modified_gmt":"2025-06-26T13:01:25","slug":"jueves-con-heladas-y-leve-ascenso-de-la-temperatura-asi-estara-el-tiempo-en-mendoza","status":"publish","type":"post","link":"https:\/\/pasaenmendoza.com\/?p=13638","title":{"rendered":"Jueves con heladas y leve ascenso de la temperatura: as\u00ed estar\u00e1 el tiempo en Mendoza"},"content":{"rendered":"\n<p>El&nbsp;<strong>jueves<\/strong>&nbsp;arranca con \u201cpoca nubosidad, heladas y ascenso de la temperatura, vientos leves del este\u201d.&nbsp;<strong>La m\u00ednima prevista es de 1 grado y la m\u00e1xima podr\u00eda llegar a 15.<\/strong><\/p>\n\n\n\n<p>Para el&nbsp;<strong>viernes<\/strong>, la Direcci\u00f3n de Contingencias Clim\u00e1ticas indica: \u201cPoca nubosidad con poco cambio de la temperatura, vientos leves del noreste. Desmejorando en cordillera\u201d.&nbsp;<strong>La m\u00ednima ser\u00e1 de -1 grado y la m\u00e1xima de 13.<\/strong><\/p>\n\n\n\n<p>El\u00a0<strong>s\u00e1bado<\/strong>\u00a0ingresa un\u00a0<strong>nuevo sistema frontal, con aire fr\u00edo polar<\/strong>. Para esa jornada se prev\u00e9: \u201cPoca nubosidad con heladas y poco cambio de la temperatura, vientos leves del noreste. Nevadas en cordillera\u201d.\u00a0<strong>La m\u00ednima ser\u00e1 de -1 grado y la m\u00e1xima de 12.<\/strong><\/p>\n\n\n\n<p>En tanto, el\u00a0<strong>domingo,<\/strong>\u00a0que podr\u00eda convertirse en\u00a0<strong>el d\u00eda m\u00e1s fr\u00edo del a\u00f1o\u00a0<\/strong>estar\u00e1 con\u00a0<strong>precipitaciones<\/strong>\u00a0en forma de lluvia y lloviznas, probabilidad de\u00a0<strong>nevadas en diferentes zonas de Mendoza\u00a0<\/strong>y posible ca\u00edda de agua nieve en el llano.\u00a0<strong>La m\u00ednima ser\u00e1 de 0 grados y la m\u00e1xima llegar\u00e1 a los 4.<\/strong><\/p>\n\n\n\n<p><strong>Fuente: www.elsol.com.ar<\/strong><\/p>\n","protected":false},"excerpt":{"rendered":"<p>El&nbsp;jueves&nbsp;arranca con \u201cpoca nubosidad, heladas y ascenso de la temperatura, vientos leves del este\u201d.&nbsp;La m\u00ednima prevista es de 1 grado y la m\u00e1xima podr\u00eda llegar a 15. Para el&nbsp;viernes, la Direcci\u00f3n de Contingencias Clim\u00e1ticas indica: \u201cPoca nubosidad con poco cambio de la temperatura, vientos leves del noreste. Desmejorando en cordillera\u201d.&nbsp;La m\u00ednima ser\u00e1 de -1 grado [&hellip;]<\/p>\n","protected":false},"author":2,"featured_media":13639,"comment_status":"open","ping_status":"open","sticky":false,"template":"","format":"standard","meta":[],"categories":[52],"tags":[],"_links":{"self":[{"href":"https:\/\/pasaenmendoza.com\/index.php?rest_route=\/wp\/v2\/posts\/13638"}],"collection":[{"href":"https:\/\/pasaenmendoza.com\/index.php?rest_route=\/wp\/v2\/posts"}],"about":[{"href":"https:\/\/pasaenmendoza.com\/index.php?rest_route=\/wp\/v2\/types\/post"}],"author":[{"embeddable":true,"href":"https:\/\/pasaenmendoza.com\/index.php?rest_route=\/wp\/v2\/users\/2"}],"replies":[{"embeddable":true,"href":"https:\/\/pasaenmendoza.com\/index.php?rest_route=%2Fwp%2Fv2%2Fcomments&post=13638"}],"version-history":[{"count":1,"href":"https:\/\/pasaenmendoza.com\/index.php?rest_route=\/wp\/v2\/posts\/13638\/revisions"}],"predecessor-version":[{"id":13640,"href":"https:\/\/pasaenmendoza.com\/index.php?rest_route=\/wp\/v2\/posts\/13638\/revisions\/13640"}],"wp:featuredmedia":[{"embeddable":true,"href":"https:\/\/pasaenmendoza.com\/index.php?rest_route=\/wp\/v2\/media\/13639"}],"wp:attachment":[{"href":"https:\/\/pasaenmendoza.com\/index.php?rest_route=%2Fwp%2Fv2%2Fmedia&parent=13638"}],"wp:term":[{"taxonomy":"category","embeddable":true,"href":"https:\/\/pasaenmendoza.com\/index.php?rest_route=%2Fwp%2Fv2%2Fcategories&post=13638"},{"taxonomy":"post_tag","embeddable":true,"href":"https:\/\/pasaenmendoza.com\/index.php?rest_route=%2Fwp%2Fv2%2Ftags&post=13638"}],"curies":[{"name":"wp","href":"https:\/\/api.w.org\/{rel}","templated":true}]}}