{"id":13647,"date":"2025-06-26T15:53:50","date_gmt":"2025-06-26T13:53:50","guid":{"rendered":"https:\/\/pasaenmendoza.com\/?p=13647"},"modified":"2025-06-26T15:53:51","modified_gmt":"2025-06-26T13:53:51","slug":"turismo-se-profundizo-la-brecha-entre-los-turistas-que-llegan-a-mendoza-y-los-que-viajan-a-brasil","status":"publish","type":"post","link":"https:\/\/pasaenmendoza.com\/?p=13647","title":{"rendered":"Turismo: se profundiz\u00f3 la brecha entre los turistas que llegan a Mendoza y los que viajan a Brasil"},"content":{"rendered":"\n<p>Las estad\u00edsticas del Instituto Nacional de Estad\u00edstica y Censos (INDEC) para mayo profundizan la ca\u00edda de turistas extranjeros que llegan a&nbsp;<strong>Mendoza<\/strong>. En paralelo, los viajes que hacen los mendocinos al exterior muestran un crecimiento destacado.<\/p>\n\n\n\n<p>Seg\u00fan el \u00faltimo informe, mayo registr\u00f3 la mayor ca\u00edda interanual del a\u00f1o: un\u00a0<strong>21,5% menos por v\u00eda a\u00e9rea<\/strong>\u00a0a trav\u00e9s del aeropuerto Francisco Gabrielli y un\u00a0<strong>10,1% menos por v\u00eda terrestre<\/strong>, mediante el paso Cristo Redentor.<\/p>\n\n\n\n<p>En el informe de marzo, donde se dieron los datos del primer trimestre del a\u00f1o<em>,<\/em>\u00a0se indic\u00f3 que\u00a0<em><strong>\u201clos turistas residentes en Chile fueron los m\u00e1s numerosos, con un 24,6%; seguidos por los de Brasil, que representaron el 23,8%\u201d<\/strong>.<\/em><\/p>\n\n\n\n<h2 class=\"wp-block-heading\" id=\"h-aeropuerto-el-plumerillo-tendencia-a-la-baja\">Aeropuerto El Plumerillo: tendencia a la baja<\/h2>\n\n\n\n<p>El flujo de turistas extranjeros que pasan por el aeropuerto mendocino va en descenso desde el tercer trimestre de 2024.<\/p>\n\n\n\n<p>Esta tendencia se ampli\u00f3 en abril (<strong>-18,8% interanual<\/strong>) y se agrav\u00f3 en mayo (<strong>-21,5%<\/strong>), aunque entre ambos meses hubo un leve repunte: de\u00a0<strong>11.400<\/strong>\u00a0llegadas en abril a\u00a0<strong>11.500<\/strong>\u00a0en mayo.<\/p>\n\n\n\n<p>Pese a la baja, la participaci\u00f3n de Mendoza en el turismo a\u00e9reo nacional mejor\u00f3: pas\u00f3 del&nbsp;<strong>2,7%<\/strong>&nbsp;en abril al&nbsp;<strong>3,7%<\/strong>&nbsp;en mayo. No obstante, sigue por debajo del&nbsp;<strong>4,2%<\/strong>&nbsp;registrado en mayo de 2024.<\/p>\n\n\n\n<h2 class=\"wp-block-heading\" id=\"h-paso-cristo-redentor-se-freno-el-furor\">Paso Cristo Redentor: se fren\u00f3 el furor<\/h2>\n\n\n\n<p>A diferencia de la v\u00eda a\u00e9rea, el turismo terrestre por el paso fronterizo con Chile mostraba un crecimiento desde mediados de 2024. Sin embargo, en 2025 comenz\u00f3 una ca\u00edda casi constante:<\/p>\n\n\n\n<ul>\n<li><strong>Enero<\/strong>:&nbsp;<strong>20.600<\/strong>&nbsp;turistas (<strong>+50,5%<\/strong>&nbsp;interanual).<\/li>\n\n\n\n<li><strong>Febrero<\/strong>:&nbsp;<strong>16.600<\/strong>&nbsp;(<strong>+12,5%<\/strong>).<\/li>\n\n\n\n<li><strong>Marzo<\/strong>:&nbsp;<strong>12.800<\/strong>&nbsp;(<strong>-6,4%<\/strong>).<\/li>\n\n\n\n<li><strong>Abril<\/strong>:&nbsp;<strong>8.000<\/strong>&nbsp;(<strong>-10,1%<\/strong>).<\/li>\n\n\n\n<li><strong>Mayo<\/strong>:&nbsp;<strong>8.900<\/strong>, pero con una dr\u00e1stica baja interanual del&nbsp;<strong>-69,8%<\/strong>.<\/li>\n<\/ul>\n\n\n\n<p>Adem\u00e1s, la participaci\u00f3n del paso en el ingreso nacional de extranjeros se redujo, estabiliz\u00e1ndose en&nbsp;<strong>2,5%<\/strong>&nbsp;en los \u00faltimos meses.<\/p>\n\n\n\n<p>En este caso, hay que considerar que el paso a Chile por la ruta 7 a trav\u00e9s del Sistema Integrado Cristo Redentor ya comenz\u00f3 a cerrar por mal tiempo en la alta monta\u00f1a, lo que tambi\u00e9n vio considerablemente morigerada su circulaci\u00f3n en comparaci\u00f3n con la \u00e9poca de alto tr\u00e1nsito durante el verano.<\/p>\n\n\n\n<h2 class=\"wp-block-heading\" id=\"h-la-otra-cara-de-la-moneda-turistica\">La otra cara de la moneda tur\u00edstica<\/h2>\n\n\n\n<p>Mientras las llegadas a Mendoza caen, los viajes al exterior de residentes mendocinos muestran un crecimiento notable. El primer trimestre de 2025 fue el de mayor salidas desde inicios de 2019:&nbsp;<strong>51.500 en total.<\/strong><\/p>\n\n\n\n<p>Aunque el ritmo se desaceler\u00f3 levemente, los n\u00fameros siguen siendo altos:&nbsp;<strong>15.400<\/strong>&nbsp;salidas en marzo,&nbsp;<strong>12.500<\/strong>&nbsp;en febrero y&nbsp;<strong>14.800<\/strong>&nbsp;en mayo.<\/p>\n\n\n\n<p>En ese per\u00edodo,\u00a0el primer relevamiento trimestral de 2025 marc\u00f3 que\u00a0<strong>\u201c<em>el 28,1% eligi\u00f3 Brasil como destino; el 24,8%, \u2018M\u00e9xico y Caribe\u2019; y el 17,4%, Chile\u201d<\/em><\/strong>. Adem\u00e1s, el gasto promedio diario fue de\u00a0<strong>103,6 d\u00f3lares<\/strong>, con un total de\u00a0<strong>71,5 millones de d\u00f3lares<\/strong>.<\/p>\n\n\n\n<p><strong>Fuente: www.elsol.com.ar<\/strong><\/p>\n","protected":false},"excerpt":{"rendered":"<p>Las estad\u00edsticas del Instituto Nacional de Estad\u00edstica y Censos (INDEC) para mayo profundizan la ca\u00edda de turistas extranjeros que llegan a&nbsp;Mendoza. En paralelo, los viajes que hacen los mendocinos al exterior muestran un crecimiento destacado. Seg\u00fan el \u00faltimo informe, mayo registr\u00f3 la mayor ca\u00edda interanual del a\u00f1o: un\u00a021,5% menos por v\u00eda a\u00e9rea\u00a0a trav\u00e9s del aeropuerto [&hellip;]<\/p>\n","protected":false},"author":2,"featured_media":13648,"comment_status":"open","ping_status":"open","sticky":false,"template":"","format":"standard","meta":[],"categories":[64],"tags":[],"_links":{"self":[{"href":"https:\/\/pasaenmendoza.com\/index.php?rest_route=\/wp\/v2\/posts\/13647"}],"collection":[{"href":"https:\/\/pasaenmendoza.com\/index.php?rest_route=\/wp\/v2\/posts"}],"about":[{"href":"https:\/\/pasaenmendoza.com\/index.php?rest_route=\/wp\/v2\/types\/post"}],"author":[{"embeddable":true,"href":"https:\/\/pasaenmendoza.com\/index.php?rest_route=\/wp\/v2\/users\/2"}],"replies":[{"embeddable":true,"href":"https:\/\/pasaenmendoza.com\/index.php?rest_route=%2Fwp%2Fv2%2Fcomments&post=13647"}],"version-history":[{"count":1,"href":"https:\/\/pasaenmendoza.com\/index.php?rest_route=\/wp\/v2\/posts\/13647\/revisions"}],"predecessor-version":[{"id":13649,"href":"https:\/\/pasaenmendoza.com\/index.php?rest_route=\/wp\/v2\/posts\/13647\/revisions\/13649"}],"wp:featuredmedia":[{"embeddable":true,"href":"https:\/\/pasaenmendoza.com\/index.php?rest_route=\/wp\/v2\/media\/13648"}],"wp:attachment":[{"href":"https:\/\/pasaenmendoza.com\/index.php?rest_route=%2Fwp%2Fv2%2Fmedia&parent=13647"}],"wp:term":[{"taxonomy":"category","embeddable":true,"href":"https:\/\/pasaenmendoza.com\/index.php?rest_route=%2Fwp%2Fv2%2Fcategories&post=13647"},{"taxonomy":"post_tag","embeddable":true,"href":"https:\/\/pasaenmendoza.com\/index.php?rest_route=%2Fwp%2Fv2%2Ftags&post=13647"}],"curies":[{"name":"wp","href":"https:\/\/api.w.org\/{rel}","templated":true}]}}