{"id":13650,"date":"2025-06-27T00:38:35","date_gmt":"2025-06-26T22:38:35","guid":{"rendered":"https:\/\/pasaenmendoza.com\/?p=13650"},"modified":"2025-06-27T00:38:36","modified_gmt":"2025-06-26T22:38:36","slug":"la-uncuyo-pidio-apoyo-a-legisladores-locales-para-la-ley-de-financiamiento-universitario","status":"publish","type":"post","link":"https:\/\/pasaenmendoza.com\/?p=13650","title":{"rendered":"La UNCuyo pidi\u00f3 apoyo a legisladores locales para la Ley de Financiamiento Universitario"},"content":{"rendered":"\n<p>El plan de lucha de las universidades nacionales\u00a0par impulsar la\u00a0<strong>Ley de Financiamiento Universitario<\/strong>\u00a0tuvo varios cap\u00edtulos este jueves en varios puntos del pa\u00eds. En Mendoza hubo un abrazo simb\u00f3lico a la\u00a0<strong>UNCuyo<\/strong>\u00a0y una radio abierta, m\u00e1s una visita de los autoridades de la casa de estudios a la Legislatura.<\/p>\n\n\n\n<p>La gesti\u00f3n en la casa de las leyes fue encabezada por el vicerrector de la&nbsp;<strong>UNCuyo, Gabriel Fidel,<\/strong>&nbsp;para entregar un petitorio con la solicitud de apoyo al proyecto de ley y el encargo de que los diputados y senadores provinciales intercedan ante los legisladores nacionales por Mendoza para que la norma propuesta sea aprobada.<\/p>\n\n\n\n<p>A Fidel y otros directivos de la\u00a0<strong>UNCuyo\u00a0<\/strong>los recibieron dirigentes de todos los espacios representados en la Legislatura. La que no estuvo fue la vicegobernadora<strong>\u00a0Hebe Casado<\/strong>\u00a0lo que algunos interpretaron como un gui\u00f1o al presidente<strong>\u00a0Javier Milei<\/strong>\u00a0quien ya en octubre del a\u00f1o pasado\u00a0vet\u00f3 una ley similar que hab\u00eda sido sancionada por el Congreso.<\/p>\n\n\n\n<p>El presidente de la C\u00e1mara de Diputados, Andr\u00e9s Lombardi, con el vicerrector de la UNCuyo, Gabriel Fidel.<\/p>\n\n\n\n<h2 class=\"wp-block-heading\">Plan de lucha universitario en todo el pa\u00eds<\/h2>\n\n\n\n<p>Desde la instituci\u00f3n educativa explicaron que &#8220;en nombre de toda la comunidad de la&nbsp;<strong>UNCuyo<\/strong>&nbsp;y de la sociedad mendocina en general, autoridades de Rectorado y de las unidades acad\u00e9micas de nuestra universidad se suman a las medidas de visibilizaci\u00f3n que se realizan en todo el pa\u00eds&#8221;.<\/p>\n\n\n\n<p><strong>Desde la UNCUYO reafirmamos la necesidad de que se establezcan por normativa, de manera clara y transparente, los recursos que corresponden al sistema universitario y su financiamiento, para permitir as\u00ed una planificaci\u00f3n inteligente de gastos<\/strong>.<\/p>\n\n\n\n<h2 class=\"wp-block-heading\">El petitorio de la UNCuyo en la Legislatura<\/h2>\n\n\n\n<p>&#8220;Entregamos un petitorio en la Legislatura de Mendoza por el apoyo de legisladores de nuestra provincia para el tratamiento y la aprobaci\u00f3n de esta ley&#8221;, sintetiz\u00f3 el n\u00famero dos de la&nbsp;<strong>UNCuyo<\/strong>,&nbsp;<strong>Gabriel Fidel.<\/strong><\/p>\n\n\n\n<p>El documento fue entregado al presidente de la C\u00e1mara de Diputados,<strong>\u00a0Andr\u00e9s Lombardi,\u00a0<\/strong>solicitando el respaldo institucional &#8220;para viabilizar que nuestros legisladores nacionales por Mendoza contribuyan a lograr el tratamiento y la aprobaci\u00f3n de la ley de financiamiento universitario&#8221;.<\/p>\n\n\n\n<p>La comitiva universitaria fue recibida por legisladores de ambas c\u00e1maras, quienes -seg\u00fan la informaci\u00f3n de la p\u00e1gina web de la Legislatura- destacaron el rol que cumple la universidad p\u00fablica en la formaci\u00f3n de generaciones de mendocinos y mendocinas.<\/p>\n\n\n\n<h2 class=\"wp-block-heading\">La necesidad de asegurar el financiamiento para gastos, educaci\u00f3n e investigaci\u00f3n<\/h2>\n\n\n\n<p><strong>Fidel&nbsp;<\/strong>detall\u00f3 que \u201clo que se busca es darle previsibilidad a las necesidades que tenemos las universidades nacionales de gasto, tanto para educaci\u00f3n, investigaci\u00f3n, como para funcionamiento de las universidades, pero tambi\u00e9n la situaci\u00f3n de los salarios de nuestros docentes y no docentes\u201d.<\/p>\n\n\n\n<p>Y a\u00f1adi\u00f3: \u201cQue haya una partida, que haya una ley que garantice ese financiamiento que necesitamos y la manera en que se ha propuesto es a partir de un porcentaje sobre el Producto Bruto Interno, de manera tal de que est\u00e9 ligado a la realidad del pa\u00eds, siempre\u201d.<\/p>\n\n\n\n<p>Estuvieron respaldando el petitorio los decanos<strong>&nbsp;Julieta Aranibar&nbsp;<\/strong>de la Facultad de Ciencias Exactas y Naturales y&nbsp;<strong>V\u00edctor Zonana,<\/strong>&nbsp;de Filosof\u00eda y Letras. Tambi\u00e9n&nbsp;<strong>Gustavo Timpano,&nbsp;<\/strong>secretario general de Atuncu y&nbsp;<strong>Mart\u00edn Carrada,<\/strong>&nbsp;presidenmte de la Federaci\u00f3n Universitaria de Cuyo.<\/p>\n\n\n\n<p><strong>Andr\u00e9s Lombardi,&nbsp;<\/strong>en nombre de la comisi\u00f3n legislativa que recibi\u00f3 el petitorio, expres\u00f3: \u201cEsta universidad ha formado a buena parte de la dirigencia de la provincia. Muchos de nosotros somos primera generaci\u00f3n universitaria, hijos e hijas de la universidad p\u00fablica. Mendoza es una provincia exigente y lo es tambi\u00e9n porque la&nbsp;<strong>UNCuyo&nbsp;<\/strong>nos ense\u00f1\u00f3 a serlo\u201d.<\/p>\n\n\n\n<p><strong>\u201cVamos a acompa\u00f1ar esta causa&nbsp;<\/strong>porque creemos en el rol central que cumple la universidad en la formaci\u00f3n, en la innovaci\u00f3n y en la movilidad social\u201d, asegur\u00f3.<\/p>\n\n\n\n<p>&#8220;Defendemos la educaci\u00f3n p\u00fablica de calidad siempre&#8221; expres\u00f3 por su parte la senadora\u00a0<strong>Natacha Eisenchlas,<\/strong>\u00a0de la UCR.<\/p>\n\n\n\n<p><strong>Fuente: www.diariouno.com.ar<\/strong><\/p>\n","protected":false},"excerpt":{"rendered":"<p>El plan de lucha de las universidades nacionales\u00a0par impulsar la\u00a0Ley de Financiamiento Universitario\u00a0tuvo varios cap\u00edtulos este jueves en varios puntos del pa\u00eds. En Mendoza hubo un abrazo simb\u00f3lico a la\u00a0UNCuyo\u00a0y una radio abierta, m\u00e1s una visita de los autoridades de la casa de estudios a la Legislatura. La gesti\u00f3n en la casa de las leyes [&hellip;]<\/p>\n","protected":false},"author":2,"featured_media":13651,"comment_status":"open","ping_status":"open","sticky":false,"template":"","format":"standard","meta":[],"categories":[56],"tags":[],"_links":{"self":[{"href":"https:\/\/pasaenmendoza.com\/index.php?rest_route=\/wp\/v2\/posts\/13650"}],"collection":[{"href":"https:\/\/pasaenmendoza.com\/index.php?rest_route=\/wp\/v2\/posts"}],"about":[{"href":"https:\/\/pasaenmendoza.com\/index.php?rest_route=\/wp\/v2\/types\/post"}],"author":[{"embeddable":true,"href":"https:\/\/pasaenmendoza.com\/index.php?rest_route=\/wp\/v2\/users\/2"}],"replies":[{"embeddable":true,"href":"https:\/\/pasaenmendoza.com\/index.php?rest_route=%2Fwp%2Fv2%2Fcomments&post=13650"}],"version-history":[{"count":1,"href":"https:\/\/pasaenmendoza.com\/index.php?rest_route=\/wp\/v2\/posts\/13650\/revisions"}],"predecessor-version":[{"id":13652,"href":"https:\/\/pasaenmendoza.com\/index.php?rest_route=\/wp\/v2\/posts\/13650\/revisions\/13652"}],"wp:featuredmedia":[{"embeddable":true,"href":"https:\/\/pasaenmendoza.com\/index.php?rest_route=\/wp\/v2\/media\/13651"}],"wp:attachment":[{"href":"https:\/\/pasaenmendoza.com\/index.php?rest_route=%2Fwp%2Fv2%2Fmedia&parent=13650"}],"wp:term":[{"taxonomy":"category","embeddable":true,"href":"https:\/\/pasaenmendoza.com\/index.php?rest_route=%2Fwp%2Fv2%2Fcategories&post=13650"},{"taxonomy":"post_tag","embeddable":true,"href":"https:\/\/pasaenmendoza.com\/index.php?rest_route=%2Fwp%2Fv2%2Ftags&post=13650"}],"curies":[{"name":"wp","href":"https:\/\/api.w.org\/{rel}","templated":true}]}}