{"id":13653,"date":"2025-06-27T00:42:26","date_gmt":"2025-06-26T22:42:26","guid":{"rendered":"https:\/\/pasaenmendoza.com\/?p=13653"},"modified":"2025-06-27T00:42:27","modified_gmt":"2025-06-26T22:42:27","slug":"sagasti-pidio-echar-a-marinelli-y-el-retruco-me-buscan-porque-tienen-todos-los-dias-un-preso-nuevo","status":"publish","type":"post","link":"https:\/\/pasaenmendoza.com\/?p=13653","title":{"rendered":"Sagasti pidi\u00f3 echar a Marinelli y \u00e9l retruc\u00f3: &#8220;Me buscan porque tienen todos los d\u00edas un preso nuevo&#8221;"},"content":{"rendered":"\n<p><strong>Anabel Fern\u00e1ndez Sagasti\u00a0<\/strong>inst\u00f3 a los legisladores kirchneristas a denunciar al superintendente del Departamento General de Irrigaci\u00f3n,\u00a0<strong>Sergio Marinelli<\/strong>, ante el Jury de Enjuiciamiento y reclamar su remoci\u00f3n inmediata.<\/p>\n\n\n\n<p>El titular de\u00a0<strong>Irrigaci\u00f3n<\/strong>\u00a0contest\u00f3: \u201cDesde lo pol\u00edtico lo comprendo porque como ellos tienen todos los d\u00edas un preso nuevo, necesitan a alguien del oficialismo para cuestionar la moralidad de los actos de gobierno\u201d.<\/p>\n\n\n\n<p>El pedido de Jury del kirchnerismo surge a partir de la pol\u00e9mica que se gener\u00f3 por la\u00a0autorizaci\u00f3n a cuatro particulares \u2013personas f\u00edsicas y jur\u00eddicas- para pedir permisos de pozos de\u00a0<strong>agua\u00a0<\/strong>en una zona restringida\u00a0de Agrelo,\u00a0<strong>Luj\u00e1n de Cuyo<\/strong>.<\/p>\n\n\n\n<figure class=\"wp-block-image\"><img decoding=\"async\" src=\"https:\/\/media.diariouno.com.ar\/p\/3ea42d7157eb865a7cde99be6d62584e\/adjuntos\/298\/imagenes\/009\/579\/0009579136\/1200x0\/smart\/tuit-anabel-fernandez-sagasti-vs-sergio-marinellijpg.jpg\" alt=\"Anabel Fern\u00e1ndez Sagasti anunci\u00f3 por redes la denuncia del kirchnerismo contra Sergio Marinelli ante el Jury de Enjuiciamiento.\" title=\"Anabel Fern\u00e1ndez Sagasti anunci\u00f3 por redes la denuncia del kirchnerismo contra Sergio Marinelli ante el Jury de Enjuiciamiento.\"\/><\/figure>\n\n\n\n<p>Anabel Fern\u00e1ndez Sagasti anunci\u00f3 por redes la denuncia del kirchnerismo contra Sergio Marinelli ante el Jury de Enjuiciamiento.<\/p>\n\n\n\n<p>La senadora nacional afirm\u00f3 en sus redes que \u201clo que est\u00e1 ocurriendo con la administraci\u00f3n del agua en Mendoza es inadmisible\u201d y apunt\u00f3 como culpable al titular de&nbsp;<strong>Irrigaci\u00f3n<\/strong>: \u201c<strong>Sergio Marinelli<\/strong>&nbsp;no solo ha cometido graves errores de gesti\u00f3n, sino que incurre en incumplimientos flagrantes de su funci\u00f3n p\u00fablica que deben ser investigados\u201d.<\/p>\n\n\n\n<p>Al mismo tiempo, el propio\u00a0<strong>Marinelli\u00a0<\/strong>pidi\u00f3 acudir a la Legislatura provincial\u00a0para explicar a los legisladores qu\u00e9 motiv\u00f3 la resoluci\u00f3n que habilita a otorgar permisos de perforaci\u00f3n en acu\u00edferos en\u00a0<strong>Luj\u00e1n de Cuyo<\/strong>.<\/p>\n\n\n\n<h2 class=\"wp-block-heading\"><strong>El kirchnerismo denuncia a Marinelli ante el Jury<\/strong><\/h2>\n\n\n\n<p>Seg\u00fan explicaron desde el sector de&nbsp;<strong>Anabel Fern\u00e1ndez Sagasti<\/strong>, el pedido de Jury surge \u201ctras el esc\u00e1ndalo desatado en el organismo provincial a ra\u00edz de la autorizaci\u00f3n para nueve pozos de agua en un acu\u00edfero que la misma agencia estatal hab\u00eda restringido tiempo atr\u00e1s\u201d.<\/p>\n\n\n\n<p>La senadora apunt\u00f3 que \u201cquien dirige&nbsp;<strong>Irrigaci\u00f3n<\/strong>&nbsp;debe garantizar agua para los mendocinos, la producci\u00f3n y el futuro, no malgastarla ni favorecer negocios para unos pocos vivos\u201d.<\/p>\n\n\n\n<p>Puntualmente, el cuestionamiento a\u00a0<strong>Marinelli<\/strong>\u00a0pasa por la firma de la resoluci\u00f3n 125 por la que Irrigaci\u00f3n habilit\u00f3 a pedir \u201ccinco permisos para desarrollar pozos a la empresa Cresud SAFIC A, propiedad del grupo IRSA, cuyo due\u00f1o es Eduardo Elsztain; dos perforaciones para la firma Chimpay La Rioja SA; y habilitaciones para el empresario Pedro Garc\u00eda Mateo y la empresa Grappolo SA, de Walter Bressia\u201d.<\/p>\n\n\n\n<p>Esos pozos son a desarrollar en la subcuenca El Carrizal, ubicada en la margen derecha del R\u00edo Mendoza, zona en la que, en agosto de 2024,&nbsp;<strong>Irrigaci\u00f3n<\/strong>&nbsp;restringi\u00f3 nuevas perforaciones por dos a\u00f1os, seg\u00fan consta en la Resoluci\u00f3n 1109.<\/p>\n\n\n\n<h2 class=\"wp-block-heading\"><strong>La defensa de Marinelli tras la denuncia de Fern\u00e1ndez Sagasti<\/strong><\/h2>\n\n\n\n<p>\u00a0<strong>Sergio Marinelli\u00a0<\/strong>defendi\u00f3 la autorizaci\u00f3n\u00a0para pedir pozos de agua que Irrigaci\u00f3n otorg\u00f3 sobre esa zona.<\/p>\n\n\n\n<p>Seg\u00fan explic\u00f3, con la cuestionada resoluci\u00f3n se dej\u00f3 abierta la puerta para el pedido de nuevos permisos porque la presentaci\u00f3n de estos privados estaba pendiente desde 2019 y la\u00a0<strong>Suprema Corte de Justicia<\/strong>\u00a0orden\u00f3 que Irrigaci\u00f3n se expidiera al respecto.<\/p>\n\n\n\n<p>Para hacerlo, dijo el superintendente, t\u00e9cnicos de&nbsp;<strong>Irrigaci\u00f3n<\/strong>, del INA y el IHLLA, estudiaron el volumen de agua disponible y autorizaron a repartirlo.<\/p>\n\n\n\n<p>\u201cNo hubo privilegios\u201d, remarc\u00f3.<\/p>\n\n\n\n<p>Sobre el pedido de Jury para su remoci\u00f3n,&nbsp;<strong>Marinelli<\/strong>&nbsp;retruc\u00f3 con dureza: \u201cNo tienen m\u00e1s fundamentos que lo que han le\u00eddo en los diarios. Me indigna desde lo personal pero lo comprendo desde lo pol\u00edtico porque como ellos tienen todos los d\u00edas un&nbsp;<strong>preso<\/strong>&nbsp;nuevo, necesitan a alguien del oficialismo para cuestionar la moralidad de los actos de gobierno\u201d.<\/p>\n\n\n\n<p>Dentro de su molestia, entiende que la iniciativa de\u00a0<strong>Anabel Fern\u00e1ndez Sagasti<\/strong>\u00a0no prosperar\u00e1 ante el Jury de Enjuiciamiento porque: \u201cCreo que se han equivocado porque el proceso nunca fue cuestionado. Y ac\u00e1 lo que vale es el proceso y no a qui\u00e9nes; porque yo no tengo por qu\u00e9, ni debo ni puedo elegir a qui\u00e9n s\u00ed y a qui\u00e9n no le doy agua\u201d.<\/p>\n\n\n\n<p><strong>Fuente: www.diariouno.com.ar<\/strong><\/p>\n","protected":false},"excerpt":{"rendered":"<p>Anabel Fern\u00e1ndez Sagasti\u00a0inst\u00f3 a los legisladores kirchneristas a denunciar al superintendente del Departamento General de Irrigaci\u00f3n,\u00a0Sergio Marinelli, ante el Jury de Enjuiciamiento y reclamar su remoci\u00f3n inmediata. El titular de\u00a0Irrigaci\u00f3n\u00a0contest\u00f3: \u201cDesde lo pol\u00edtico lo comprendo porque como ellos tienen todos los d\u00edas un preso nuevo, necesitan a alguien del oficialismo para cuestionar la moralidad de [&hellip;]<\/p>\n","protected":false},"author":2,"featured_media":13654,"comment_status":"open","ping_status":"open","sticky":false,"template":"","format":"standard","meta":[],"categories":[47],"tags":[],"_links":{"self":[{"href":"https:\/\/pasaenmendoza.com\/index.php?rest_route=\/wp\/v2\/posts\/13653"}],"collection":[{"href":"https:\/\/pasaenmendoza.com\/index.php?rest_route=\/wp\/v2\/posts"}],"about":[{"href":"https:\/\/pasaenmendoza.com\/index.php?rest_route=\/wp\/v2\/types\/post"}],"author":[{"embeddable":true,"href":"https:\/\/pasaenmendoza.com\/index.php?rest_route=\/wp\/v2\/users\/2"}],"replies":[{"embeddable":true,"href":"https:\/\/pasaenmendoza.com\/index.php?rest_route=%2Fwp%2Fv2%2Fcomments&post=13653"}],"version-history":[{"count":1,"href":"https:\/\/pasaenmendoza.com\/index.php?rest_route=\/wp\/v2\/posts\/13653\/revisions"}],"predecessor-version":[{"id":13655,"href":"https:\/\/pasaenmendoza.com\/index.php?rest_route=\/wp\/v2\/posts\/13653\/revisions\/13655"}],"wp:featuredmedia":[{"embeddable":true,"href":"https:\/\/pasaenmendoza.com\/index.php?rest_route=\/wp\/v2\/media\/13654"}],"wp:attachment":[{"href":"https:\/\/pasaenmendoza.com\/index.php?rest_route=%2Fwp%2Fv2%2Fmedia&parent=13653"}],"wp:term":[{"taxonomy":"category","embeddable":true,"href":"https:\/\/pasaenmendoza.com\/index.php?rest_route=%2Fwp%2Fv2%2Fcategories&post=13653"},{"taxonomy":"post_tag","embeddable":true,"href":"https:\/\/pasaenmendoza.com\/index.php?rest_route=%2Fwp%2Fv2%2Ftags&post=13653"}],"curies":[{"name":"wp","href":"https:\/\/api.w.org\/{rel}","templated":true}]}}