{"id":13656,"date":"2025-06-27T00:45:49","date_gmt":"2025-06-26T22:45:49","guid":{"rendered":"https:\/\/pasaenmendoza.com\/?p=13656"},"modified":"2025-06-27T00:45:50","modified_gmt":"2025-06-26T22:45:50","slug":"confirmaron-que-el-paso-cristo-redentor-seguira-cerrado-por-hielo-en-la-calzada","status":"publish","type":"post","link":"https:\/\/pasaenmendoza.com\/?p=13656","title":{"rendered":"Confirmaron que el Paso Cristo Redentor seguir\u00e1 cerrado por hielo en la calzada"},"content":{"rendered":"\n<p>El\u00a0<strong>Paso Cristo Redentor<\/strong>\u00a0seguir\u00e1\u00a0<strong>cerrado\u00a0<\/strong>durante todo este jueves seg\u00fan confirmaron las autoridades debido a que en\u00a0<strong>Chile\u00a0<\/strong>no est\u00e1n dadas las condiciones de transitabilidad segura. El t\u00fanel internacional permanece sin actividad desde el mi\u00e9rcoles por las\u00a0<strong>nevadas\u00a0<\/strong>en\u00a0<strong>alta monta\u00f1a<\/strong>. El pron\u00f3stico anticip\u00f3 que habr\u00e1 m\u00e1s precipitaciones durante el s\u00e1bado.<\/p>\n\n\n\n<p>Las\u00a0<strong>nevadas\u00a0<\/strong>afectaron ambos lados de la frontera, pero fue m\u00e1s persistente del lado chileno. Luego de varias reuniones entre los coordinadores del\u00a0<strong>Paso Cristo Redentor<\/strong>, los chilenos confirmaron que la aduana de\u00a0<strong>Los Libertadores<\/strong>\u00a0no est\u00e1 en condiciones de operar debido a la formaci\u00f3n de hielo en la calzada.<\/p>\n\n\n\n<p>De esta manera, las autoridades definieron que el&nbsp;<strong>Paso Cristo Redentor<\/strong>&nbsp;siga cerrado por segundo d\u00eda consecutivo ya que no se puede garantizar la transitabilidad para los veh\u00edculos que cruzan de un lado hacia el otro en la frontera.<\/p>\n\n\n\n<p>De todas formas,&nbsp;<strong>Vialidad Nacional&nbsp;<\/strong>inform\u00f3 que por la&nbsp;<strong>Ruta 7&nbsp;<\/strong>se puede llegar hasta la boca de t\u00fanel ya que hicieron la limpieza de la calzada y est\u00e1 habilitado para el turismo interno, pero advirtieron que en algunas zonas hay formaci\u00f3n de hielo y pidieron circular con mucha precauci\u00f3n.<\/p>\n\n\n\n<h2 class=\"wp-block-heading\">El pron\u00f3stico del tiempo en el Paso Cristo Redentor<\/h2>\n\n\n\n<p>El mi\u00e9rcoles se cumpli\u00f3 el pron\u00f3stico de&nbsp;<strong>nevadas&nbsp;<\/strong>en Las Cuevas y en El Portillo, en&nbsp;<strong>Chile<\/strong>, lo que hizo que el paso al vecino pa\u00eds quedara cerrado. Estas condiciones se mantuvieron durante la ma\u00f1ana de este jueves lo que retras\u00f3 la posibilidad de abrir el t\u00fanel.<\/p>\n\n\n\n<p>Poco antes del mediod\u00eda,\u00a0<strong>Chile\u00a0<\/strong>confirm\u00f3 que no iban a poder garantizar la limpieza de la calzada para que camiones y particulares transitaran por la ruta chilena 60, y decidieron el cierre.<\/p>\n\n\n\n<figure class=\"wp-block-image\"><img decoding=\"async\" src=\"https:\/\/media.diariouno.com.ar\/p\/36a5377b39f527be13aa2f1d3fb30247\/adjuntos\/298\/imagenes\/009\/579\/0009579163\/1200x0\/smart\/pronostico-el-paso-cristo-redentorjpg.jpg\" alt=\"El pron\u00f3stico del tiempo en el Paso Cristo Redentor seg\u00fan el Servicio Meteorol\u00f3gico Nacional.\" title=\"El pron\u00f3stico del tiempo en el Paso Cristo Redentor seg\u00fan el Servicio Meteorol\u00f3gico Nacional.\"\/><\/figure>\n\n\n\n<p>El pron\u00f3stico del tiempo en el Paso Cristo Redentor seg\u00fan el Servicio Meteorol\u00f3gico Nacional.<\/p>\n\n\n\n<p>Pero el pron\u00f3stico del<strong>&nbsp;Servicio Meteorol\u00f3gico Nacional&nbsp;<\/strong>adelant\u00f3 que las&nbsp;<strong>nevadas&nbsp;<\/strong>en la&nbsp;<strong>alta monta\u00f1a<\/strong>&nbsp;seguir\u00e1n y el s\u00e1bado ser\u00e1 un d\u00eda con precipitaci\u00f3n durante casi todo el d\u00eda.<\/p>\n\n\n\n<p>Esta condici\u00f3n de\u00a0<strong>nevadas<\/strong>\u00a0se extender\u00eda durante el domingo y se mantendr\u00e1 por lo menos hasta el lunes, por lo que si se cumple ser\u00e1n otros tres d\u00edas con el\u00a0<strong>Paso Cristo Redentor<\/strong>\u00a0cerrado. Esperan que el viernes haya una ventana de buen tiempo para que algunos veh\u00edculos lleguen a cruzar.<\/p>\n\n\n\n<p><strong>Fuente: www.diariouno.com.ar<\/strong><\/p>\n","protected":false},"excerpt":{"rendered":"<p>El\u00a0Paso Cristo Redentor\u00a0seguir\u00e1\u00a0cerrado\u00a0durante todo este jueves seg\u00fan confirmaron las autoridades debido a que en\u00a0Chile\u00a0no est\u00e1n dadas las condiciones de transitabilidad segura. El t\u00fanel internacional permanece sin actividad desde el mi\u00e9rcoles por las\u00a0nevadas\u00a0en\u00a0alta monta\u00f1a. El pron\u00f3stico anticip\u00f3 que habr\u00e1 m\u00e1s precipitaciones durante el s\u00e1bado. Las\u00a0nevadas\u00a0afectaron ambos lados de la frontera, pero fue m\u00e1s persistente del lado [&hellip;]<\/p>\n","protected":false},"author":2,"featured_media":13657,"comment_status":"open","ping_status":"open","sticky":false,"template":"","format":"standard","meta":[],"categories":[66],"tags":[],"_links":{"self":[{"href":"https:\/\/pasaenmendoza.com\/index.php?rest_route=\/wp\/v2\/posts\/13656"}],"collection":[{"href":"https:\/\/pasaenmendoza.com\/index.php?rest_route=\/wp\/v2\/posts"}],"about":[{"href":"https:\/\/pasaenmendoza.com\/index.php?rest_route=\/wp\/v2\/types\/post"}],"author":[{"embeddable":true,"href":"https:\/\/pasaenmendoza.com\/index.php?rest_route=\/wp\/v2\/users\/2"}],"replies":[{"embeddable":true,"href":"https:\/\/pasaenmendoza.com\/index.php?rest_route=%2Fwp%2Fv2%2Fcomments&post=13656"}],"version-history":[{"count":1,"href":"https:\/\/pasaenmendoza.com\/index.php?rest_route=\/wp\/v2\/posts\/13656\/revisions"}],"predecessor-version":[{"id":13658,"href":"https:\/\/pasaenmendoza.com\/index.php?rest_route=\/wp\/v2\/posts\/13656\/revisions\/13658"}],"wp:featuredmedia":[{"embeddable":true,"href":"https:\/\/pasaenmendoza.com\/index.php?rest_route=\/wp\/v2\/media\/13657"}],"wp:attachment":[{"href":"https:\/\/pasaenmendoza.com\/index.php?rest_route=%2Fwp%2Fv2%2Fmedia&parent=13656"}],"wp:term":[{"taxonomy":"category","embeddable":true,"href":"https:\/\/pasaenmendoza.com\/index.php?rest_route=%2Fwp%2Fv2%2Fcategories&post=13656"},{"taxonomy":"post_tag","embeddable":true,"href":"https:\/\/pasaenmendoza.com\/index.php?rest_route=%2Fwp%2Fv2%2Ftags&post=13656"}],"curies":[{"name":"wp","href":"https:\/\/api.w.org\/{rel}","templated":true}]}}