{"id":1366,"date":"2023-09-11T17:07:39","date_gmt":"2023-09-11T15:07:39","guid":{"rendered":"https:\/\/pasaenmendoza.com\/?p=1366"},"modified":"2023-09-11T17:07:40","modified_gmt":"2023-09-11T15:07:40","slug":"dolor-por-la-muerte-de-un-policia-de-mendoza-que-busco-romper-un-record-guinnes-con-su-moto","status":"publish","type":"post","link":"https:\/\/pasaenmendoza.com\/?p=1366","title":{"rendered":"Dolor por la muerte de un polic\u00eda de Mendoza que busc\u00f3 romper un r\u00e9cord Guinnes con su moto"},"content":{"rendered":"\n<p>Se trata de \u00c1ngel Ota\u00f1o, quien fue suboficial mayor e instructor de motoristas. En 2004 viaj\u00f3 parado sobre su moto desde Buenos Aires a Mendoza.<\/p>\n\n\n\n<p>Ota\u00f1o ten\u00eda 67 a\u00f1os y sufr\u00eda una grave enfermedad. En septiembre de 2004 fue protagonista de una haza\u00f1a al\u00a0<strong>viajar parado sobre el asiento de su moto<\/strong>\u00a0Kawasaki 650 CC, desde Buenos Aires hasta Mendoza.<\/p>\n\n\n\n<p>Se denomin\u00f3 Segunda Traves\u00eda por la Paz del Mundo y el objetivo fue llevar<em>\u00a0\u201cun mensaje de amor y de paz\u201d<\/em>\u00a0por los distintos pueblos que visitaba. Con ese acontecimiento, Ota\u00f1o intent\u00f3, adem\u00e1s, ingresar al libro\u00a0<strong>Guiness\u00a0<\/strong>de los r\u00e9cords.<\/p>\n\n\n\n<p>Por este hecho in\u00e9dito, se present\u00f3 en la Legislatura provincial un proyecto de resoluci\u00f3n para\u00a0<strong>destacar y entregar una menci\u00f3n especial<\/strong>\u00a0a Ota\u00f1o y a otro agente que lo acompa\u00f1\u00f3 en la traves\u00eda como apoyo log\u00edstico.<\/p>\n\n\n\n<p>Ota\u00f1o, oriundo de La Dormida (La Paz), fue\u00a0<strong>creador, instructor e integrante del grupo de acrobacia y destreza brigada de acrobacia C\u00f3ndor II<\/strong>. Fue polic\u00eda durante casi 32 a\u00f1os, hasta que en 2009 solicit\u00f3 su retiro voluntario, mientras formaba parte del Cuerpo Comando de la fuerza provincial.<\/p>\n\n\n\n<p>Su fallecimiento provoc\u00f3 muestras de consternaci\u00f3n en las redes sociales.<\/p>\n\n\n\n<p><strong>Fuente: www.elsol.com.ar<\/strong><\/p>\n","protected":false},"excerpt":{"rendered":"<p>Se trata de \u00c1ngel Ota\u00f1o, quien fue suboficial mayor e instructor de motoristas. En 2004 viaj\u00f3 parado sobre su moto desde Buenos Aires a Mendoza. Ota\u00f1o ten\u00eda 67 a\u00f1os y sufr\u00eda una grave enfermedad. En septiembre de 2004 fue protagonista de una haza\u00f1a al\u00a0viajar parado sobre el asiento de su moto\u00a0Kawasaki 650 CC, desde Buenos [&hellip;]<\/p>\n","protected":false},"author":2,"featured_media":1367,"comment_status":"open","ping_status":"open","sticky":false,"template":"","format":"standard","meta":[],"categories":[48],"tags":[],"_links":{"self":[{"href":"https:\/\/pasaenmendoza.com\/index.php?rest_route=\/wp\/v2\/posts\/1366"}],"collection":[{"href":"https:\/\/pasaenmendoza.com\/index.php?rest_route=\/wp\/v2\/posts"}],"about":[{"href":"https:\/\/pasaenmendoza.com\/index.php?rest_route=\/wp\/v2\/types\/post"}],"author":[{"embeddable":true,"href":"https:\/\/pasaenmendoza.com\/index.php?rest_route=\/wp\/v2\/users\/2"}],"replies":[{"embeddable":true,"href":"https:\/\/pasaenmendoza.com\/index.php?rest_route=%2Fwp%2Fv2%2Fcomments&post=1366"}],"version-history":[{"count":1,"href":"https:\/\/pasaenmendoza.com\/index.php?rest_route=\/wp\/v2\/posts\/1366\/revisions"}],"predecessor-version":[{"id":1368,"href":"https:\/\/pasaenmendoza.com\/index.php?rest_route=\/wp\/v2\/posts\/1366\/revisions\/1368"}],"wp:featuredmedia":[{"embeddable":true,"href":"https:\/\/pasaenmendoza.com\/index.php?rest_route=\/wp\/v2\/media\/1367"}],"wp:attachment":[{"href":"https:\/\/pasaenmendoza.com\/index.php?rest_route=%2Fwp%2Fv2%2Fmedia&parent=1366"}],"wp:term":[{"taxonomy":"category","embeddable":true,"href":"https:\/\/pasaenmendoza.com\/index.php?rest_route=%2Fwp%2Fv2%2Fcategories&post=1366"},{"taxonomy":"post_tag","embeddable":true,"href":"https:\/\/pasaenmendoza.com\/index.php?rest_route=%2Fwp%2Fv2%2Ftags&post=1366"}],"curies":[{"name":"wp","href":"https:\/\/api.w.org\/{rel}","templated":true}]}}