{"id":13663,"date":"2025-06-27T16:23:42","date_gmt":"2025-06-27T14:23:42","guid":{"rendered":"https:\/\/pasaenmendoza.com\/?p=13663"},"modified":"2025-06-27T16:23:43","modified_gmt":"2025-06-27T14:23:43","slug":"el-tiempo-en-mendoza-viernes-con-vientos-y-poco-cambio-de-la-temperatura","status":"publish","type":"post","link":"https:\/\/pasaenmendoza.com\/?p=13663","title":{"rendered":"El tiempo en Mendoza: viernes con vientos y poco cambio de la temperatura"},"content":{"rendered":"\n<p>Previo al ingreso de una ola de fr\u00edo, este viernes se presenta en&nbsp;<strong>Mendoza&nbsp;<\/strong>con poca nubosidad y&nbsp;<strong>poco cambio de la temperatura<\/strong>. Se esperan vientos leves del noreste, mientras desmejoran las condiciones en cordillera.<\/p>\n\n\n\n<p>La temperatura m\u00ednima ser\u00e1 de 1 grado y la m\u00e1xima alcanzar\u00eda los 13 grados.<\/p>\n\n\n\n<p>Para el\u00a0<strong>s\u00e1bado<\/strong>, Contingencias Clim\u00e1ticas se\u00f1ala una jornada con \u201cpoca nubosidad con heladas y poco cambio de la temperatura, vientos leves del noreste. Nevadas en cordillera\u201d.<\/p>\n\n\n\n<p>Al igual que el viernes, la temperatura m\u00ednima ser\u00eda de 1 grado y la m\u00e1xima de 13 grados.<\/p>\n\n\n\n<p>Por su parte, desde el s\u00e1bado en la tarde se prev\u00e9 el ingreso de una&nbsp;<strong>ola de fr\u00edo<\/strong>&nbsp;en Mendoza que se sentir\u00e1 muy fuerte en todo el territorio provincial.<\/p>\n\n\n\n<p><strong>El fr\u00edo intenso llegar\u00e1 con fuerza el domingo<\/strong>, con una m\u00ednima de 0 grados y una m\u00e1xima que no superar\u00e1 los 4 grados.<\/p>\n\n\n\n<p>Para esa jornada, se anticipan precipitaciones en el llano y\u00a0<strong>nevadas en diferentes zonas de la provincia.<\/strong><\/p>\n\n\n\n<p><strong>Fuente: www.elsol.com.ar<\/strong><\/p>\n","protected":false},"excerpt":{"rendered":"<p>Previo al ingreso de una ola de fr\u00edo, este viernes se presenta en&nbsp;Mendoza&nbsp;con poca nubosidad y&nbsp;poco cambio de la temperatura. Se esperan vientos leves del noreste, mientras desmejoran las condiciones en cordillera. La temperatura m\u00ednima ser\u00e1 de 1 grado y la m\u00e1xima alcanzar\u00eda los 13 grados. Para el\u00a0s\u00e1bado, Contingencias Clim\u00e1ticas se\u00f1ala una jornada con \u201cpoca [&hellip;]<\/p>\n","protected":false},"author":2,"featured_media":13664,"comment_status":"open","ping_status":"open","sticky":false,"template":"","format":"standard","meta":[],"categories":[52],"tags":[],"_links":{"self":[{"href":"https:\/\/pasaenmendoza.com\/index.php?rest_route=\/wp\/v2\/posts\/13663"}],"collection":[{"href":"https:\/\/pasaenmendoza.com\/index.php?rest_route=\/wp\/v2\/posts"}],"about":[{"href":"https:\/\/pasaenmendoza.com\/index.php?rest_route=\/wp\/v2\/types\/post"}],"author":[{"embeddable":true,"href":"https:\/\/pasaenmendoza.com\/index.php?rest_route=\/wp\/v2\/users\/2"}],"replies":[{"embeddable":true,"href":"https:\/\/pasaenmendoza.com\/index.php?rest_route=%2Fwp%2Fv2%2Fcomments&post=13663"}],"version-history":[{"count":1,"href":"https:\/\/pasaenmendoza.com\/index.php?rest_route=\/wp\/v2\/posts\/13663\/revisions"}],"predecessor-version":[{"id":13665,"href":"https:\/\/pasaenmendoza.com\/index.php?rest_route=\/wp\/v2\/posts\/13663\/revisions\/13665"}],"wp:featuredmedia":[{"embeddable":true,"href":"https:\/\/pasaenmendoza.com\/index.php?rest_route=\/wp\/v2\/media\/13664"}],"wp:attachment":[{"href":"https:\/\/pasaenmendoza.com\/index.php?rest_route=%2Fwp%2Fv2%2Fmedia&parent=13663"}],"wp:term":[{"taxonomy":"category","embeddable":true,"href":"https:\/\/pasaenmendoza.com\/index.php?rest_route=%2Fwp%2Fv2%2Fcategories&post=13663"},{"taxonomy":"post_tag","embeddable":true,"href":"https:\/\/pasaenmendoza.com\/index.php?rest_route=%2Fwp%2Fv2%2Ftags&post=13663"}],"curies":[{"name":"wp","href":"https:\/\/api.w.org\/{rel}","templated":true}]}}