{"id":13666,"date":"2025-06-27T16:38:57","date_gmt":"2025-06-27T14:38:57","guid":{"rendered":"https:\/\/pasaenmendoza.com\/?p=13666"},"modified":"2025-06-27T16:38:58","modified_gmt":"2025-06-27T14:38:58","slug":"confirmaron-un-nuevo-aumento-del-pan-en-mendoza-estos-seran-los-nuevos-valores","status":"publish","type":"post","link":"https:\/\/pasaenmendoza.com\/?p=13666","title":{"rendered":"Confirmaron un nuevo aumento del pan en Mendoza: estos ser\u00e1n los nuevos valores"},"content":{"rendered":"\n<p>El presidente de la Federaci\u00f3n Argentina de la Industria del Pan, Miguel Di Betta, confirm\u00f3 que&nbsp;<strong>a partir de julio habr\u00e1 un nuevo incremento del precio del pan<\/strong>, debido a la suba de costos. Se trata de un aumento que ronda entre el<strong>&nbsp;13% y 15%<\/strong>.<\/p>\n\n\n\n<p>Ese incremento se replicar\u00e1 en las&nbsp;<strong>panader\u00edas mendocinas<\/strong>&nbsp;desde el pr\u00f3ximo martes y ya fue oficializado a trav\u00e9s de un comunicado. La actualizaci\u00f3n anterior se hab\u00eda dado en febrero de este a\u00f1o, por lo que este es el segundo aumento en lo que va del 2025.<\/p>\n\n\n\n<p>\u201cVa a haber una suba a nivel nacional porque hay insumos que han subido de precio m\u00e1s de un 100%\u201d, se\u00f1al\u00f3 el industrial Di Betta en di\u00e1logo con medios nacionales, donde adem\u00e1s sostuvo: \u201c<em><strong>Hemos tratado de aguantar porque nos bajan las ventas cada d\u00eda\u201d.<\/strong><\/em><\/p>\n\n\n\n<p>\u201c<em>El aumento de la grasa y la margarina es porque no hay cebo por la baja de la carne y las importaciones\u201d<\/em>, a\u00f1adi\u00f3, mientras que precis\u00f3 que \u201cuna panader\u00eda de 12 o 13 empleados paga una factura de luz de 5 millones de pesos\u201d y se quej\u00f3 de la competencia desleal porque \u201cen el rubro hay mucho empleado en negro\u201d.<\/p>\n\n\n\n<h2 class=\"wp-block-heading\" id=\"h-los-nuevos-valores\">Los nuevos valores<\/h2>\n\n\n\n<p>Estos son los precios sugeridos por la&nbsp;<strong>C\u00e1mara de Empresarios Panaderos de Mendoza,<\/strong>&nbsp;a partir del 1 de julio:<\/p>\n\n\n\n<ul>\n<li>Kilo de pan:&nbsp;<strong>$2.800<\/strong>.<\/li>\n\n\n\n<li>Docena de tortitas:&nbsp;<strong>$4.900<\/strong>.<\/li>\n\n\n\n<li>Docena de facturas:&nbsp;<strong>$6.900<\/strong>.<\/li>\n<\/ul>\n\n\n\n<p><strong>Fuente: www.elsol.com.ar<\/strong><\/p>\n","protected":false},"excerpt":{"rendered":"<p>El presidente de la Federaci\u00f3n Argentina de la Industria del Pan, Miguel Di Betta, confirm\u00f3 que&nbsp;a partir de julio habr\u00e1 un nuevo incremento del precio del pan, debido a la suba de costos. Se trata de un aumento que ronda entre el&nbsp;13% y 15%. Ese incremento se replicar\u00e1 en las&nbsp;panader\u00edas mendocinas&nbsp;desde el pr\u00f3ximo martes y [&hellip;]<\/p>\n","protected":false},"author":2,"featured_media":13668,"comment_status":"open","ping_status":"open","sticky":false,"template":"","format":"standard","meta":[],"categories":[79],"tags":[],"_links":{"self":[{"href":"https:\/\/pasaenmendoza.com\/index.php?rest_route=\/wp\/v2\/posts\/13666"}],"collection":[{"href":"https:\/\/pasaenmendoza.com\/index.php?rest_route=\/wp\/v2\/posts"}],"about":[{"href":"https:\/\/pasaenmendoza.com\/index.php?rest_route=\/wp\/v2\/types\/post"}],"author":[{"embeddable":true,"href":"https:\/\/pasaenmendoza.com\/index.php?rest_route=\/wp\/v2\/users\/2"}],"replies":[{"embeddable":true,"href":"https:\/\/pasaenmendoza.com\/index.php?rest_route=%2Fwp%2Fv2%2Fcomments&post=13666"}],"version-history":[{"count":1,"href":"https:\/\/pasaenmendoza.com\/index.php?rest_route=\/wp\/v2\/posts\/13666\/revisions"}],"predecessor-version":[{"id":13669,"href":"https:\/\/pasaenmendoza.com\/index.php?rest_route=\/wp\/v2\/posts\/13666\/revisions\/13669"}],"wp:featuredmedia":[{"embeddable":true,"href":"https:\/\/pasaenmendoza.com\/index.php?rest_route=\/wp\/v2\/media\/13668"}],"wp:attachment":[{"href":"https:\/\/pasaenmendoza.com\/index.php?rest_route=%2Fwp%2Fv2%2Fmedia&parent=13666"}],"wp:term":[{"taxonomy":"category","embeddable":true,"href":"https:\/\/pasaenmendoza.com\/index.php?rest_route=%2Fwp%2Fv2%2Fcategories&post=13666"},{"taxonomy":"post_tag","embeddable":true,"href":"https:\/\/pasaenmendoza.com\/index.php?rest_route=%2Fwp%2Fv2%2Ftags&post=13666"}],"curies":[{"name":"wp","href":"https:\/\/api.w.org\/{rel}","templated":true}]}}