{"id":13670,"date":"2025-06-27T16:48:42","date_gmt":"2025-06-27T14:48:42","guid":{"rendered":"https:\/\/pasaenmendoza.com\/?p=13670"},"modified":"2025-06-27T16:48:43","modified_gmt":"2025-06-27T14:48:43","slug":"brutal-choque-en-el-acceso-sur-entre-un-camion-una-traffic-y-una-camioneta","status":"publish","type":"post","link":"https:\/\/pasaenmendoza.com\/?p=13670","title":{"rendered":"Brutal choque en el Acceso Sur entre un cami\u00f3n, una traffic y una camioneta"},"content":{"rendered":"\n<p>Un fuerte accidente de tr\u00e1nsito tuvo lugar este viernes por la ma\u00f1ana en el&nbsp;<strong>Acceso Sur y calle Anchorena<\/strong>, de&nbsp;<strong>Luj\u00e1n de Cuyo.<\/strong><\/p>\n\n\n\n<p>En ese lugar chocaron un\u00a0<strong>cami\u00f3n, una traffic y una camioneta marca Jeep<\/strong>. Este \u00faltimo veh\u00edculo fue impacto por delante y por detr\u00e1s, quedando en el medio de los otros dos rodados; por eso termin\u00f3 en el sentido contrario a la direcci\u00f3n en la que iba como se puede ver en las im\u00e1genes.<\/p>\n\n\n\n<p>El conductor de la Jeep tuvo que ser asistido por el Servicio Coordinado de Emergencias y tuvo que ser&nbsp;<strong>trasladado a un hospital<\/strong>&nbsp;por las heridas que le dej\u00f3 el siniestro.<\/p>\n\n\n\n<p>En el lugar tuvieron que trabajar personal policial, bomberos y tr\u00e1nsito municipal para desviar a quienes circulaban sobre el<strong>&nbsp;Acceso Sur.<\/strong><\/p>\n\n\n\n<p>Metros m\u00e1s adelante, un Volkswagen Gol qued\u00f3 debajo de un cami\u00f3n a la altura de calle Azcu\u00e9naga. La conductora qued\u00f3 fuera de peligro.<\/p>\n\n\n\n<p><strong>Fuente: www.elsol.com.ar<\/strong><\/p>\n","protected":false},"excerpt":{"rendered":"<p>Un fuerte accidente de tr\u00e1nsito tuvo lugar este viernes por la ma\u00f1ana en el&nbsp;Acceso Sur y calle Anchorena, de&nbsp;Luj\u00e1n de Cuyo. En ese lugar chocaron un\u00a0cami\u00f3n, una traffic y una camioneta marca Jeep. Este \u00faltimo veh\u00edculo fue impacto por delante y por detr\u00e1s, quedando en el medio de los otros dos rodados; por eso termin\u00f3 [&hellip;]<\/p>\n","protected":false},"author":2,"featured_media":13671,"comment_status":"open","ping_status":"open","sticky":false,"template":"","format":"standard","meta":[],"categories":[48],"tags":[],"_links":{"self":[{"href":"https:\/\/pasaenmendoza.com\/index.php?rest_route=\/wp\/v2\/posts\/13670"}],"collection":[{"href":"https:\/\/pasaenmendoza.com\/index.php?rest_route=\/wp\/v2\/posts"}],"about":[{"href":"https:\/\/pasaenmendoza.com\/index.php?rest_route=\/wp\/v2\/types\/post"}],"author":[{"embeddable":true,"href":"https:\/\/pasaenmendoza.com\/index.php?rest_route=\/wp\/v2\/users\/2"}],"replies":[{"embeddable":true,"href":"https:\/\/pasaenmendoza.com\/index.php?rest_route=%2Fwp%2Fv2%2Fcomments&post=13670"}],"version-history":[{"count":1,"href":"https:\/\/pasaenmendoza.com\/index.php?rest_route=\/wp\/v2\/posts\/13670\/revisions"}],"predecessor-version":[{"id":13672,"href":"https:\/\/pasaenmendoza.com\/index.php?rest_route=\/wp\/v2\/posts\/13670\/revisions\/13672"}],"wp:featuredmedia":[{"embeddable":true,"href":"https:\/\/pasaenmendoza.com\/index.php?rest_route=\/wp\/v2\/media\/13671"}],"wp:attachment":[{"href":"https:\/\/pasaenmendoza.com\/index.php?rest_route=%2Fwp%2Fv2%2Fmedia&parent=13670"}],"wp:term":[{"taxonomy":"category","embeddable":true,"href":"https:\/\/pasaenmendoza.com\/index.php?rest_route=%2Fwp%2Fv2%2Fcategories&post=13670"},{"taxonomy":"post_tag","embeddable":true,"href":"https:\/\/pasaenmendoza.com\/index.php?rest_route=%2Fwp%2Fv2%2Ftags&post=13670"}],"curies":[{"name":"wp","href":"https:\/\/api.w.org\/{rel}","templated":true}]}}