{"id":13673,"date":"2025-06-27T17:12:44","date_gmt":"2025-06-27T15:12:44","guid":{"rendered":"https:\/\/pasaenmendoza.com\/?p=13673"},"modified":"2025-06-27T17:12:45","modified_gmt":"2025-06-27T15:12:45","slug":"se-oficializo-la-suspension-de-las-paso-en-mendoza-y-la-junta-electoral-debera-definir-el-nuevo-calendario","status":"publish","type":"post","link":"https:\/\/pasaenmendoza.com\/?p=13673","title":{"rendered":"Se oficializ\u00f3 la suspensi\u00f3n de las PASO en Mendoza y la Junta Electoral deber\u00e1 definir el nuevo calendario"},"content":{"rendered":"\n<p>En una decisi\u00f3n que marca un giro en el calendario electoral provincial, la Legislatura de Mendoza aprob\u00f3 esta semana la suspensi\u00f3n de las elecciones Primarias Abiertas, Simult\u00e1neas y Obligatorias (<strong>PASO<\/strong>) para los a\u00f1os 2025 y 2026. La medida modificar\u00e1 temporalmente el sistema electoral vigente. Este viernes fue sancionada con fuerza de ley en el Bolet\u00edn Oficial.<\/p>\n\n\n\n<p>Seg\u00fan el&nbsp;<strong>Art\u00edculo 1<\/strong>&nbsp;de la nueva normativa, \u201c<em>quedan suspendidas todas las obligaciones legales vinculadas a la organizaci\u00f3n y realizaci\u00f3n de las&nbsp;<strong>PASO<\/strong>, contempladas en la Ley 8.619 y sus modificatorias\u201d<\/em>. El oficialismo logr\u00f3 la mayor\u00eda en Diputados nuevamente tras una modificaci\u00f3n que incorpor\u00f3 tambi\u00e9n al proceso eleccionario del a\u00f1o pr\u00f3ximo y as\u00ed el proyecto se convirti\u00f3 en ley.<\/p>\n\n\n\n<p>La decisi\u00f3n impacta directamente en la forma en que los partidos pol\u00edticos seleccionar\u00e1n sus candidatos para los comicios provinciales de los pr\u00f3ximos dos a\u00f1os.<\/p>\n\n\n\n<p>La oficializaci\u00f3n que emiti\u00f3 el Gobierno este viernes le pone plazos a la Justicia para definir el nuevo calendario electoral. En concreto, establece que la\u00a0<strong>Junta Electoral Provincial<\/strong>\u00a0tendr\u00e1 un plazo de diez d\u00edas corridos desde las convocatorias oficiales para adecuar y publicar un nuevo cronograma electoral.<\/p>\n\n\n\n<p>Esta adecuaci\u00f3n deber\u00e1 armonizarse con la legislaci\u00f3n nacional vigente, en particular con los plazos establecidos por la&nbsp;<strong>Ley 27.781<\/strong>&nbsp;y su modificaci\u00f3n mediante la&nbsp;<strong>Ley 27.783<\/strong>.<\/p>\n\n\n\n<p>La propuesta, cuya autor\u00eda pertenece a la diputada del PRO,<strong>\u00a0Stella Huczak<\/strong>\u00a0hab\u00eda sido presentada en febrero pasado y recibi\u00f3 este mi\u00e9rcoles un total de\u00a0<strong>36\u00a0<\/strong>votos a favor y\u00a0<strong>9\u00a0<\/strong>en contra en Diputados. En el Senado pas\u00f3 con 26 a favor y 9 en contra.<\/p>\n\n\n\n<p><strong>Fuente: www.elsol.com.ar<\/strong><\/p>\n","protected":false},"excerpt":{"rendered":"<p>En una decisi\u00f3n que marca un giro en el calendario electoral provincial, la Legislatura de Mendoza aprob\u00f3 esta semana la suspensi\u00f3n de las elecciones Primarias Abiertas, Simult\u00e1neas y Obligatorias (PASO) para los a\u00f1os 2025 y 2026. La medida modificar\u00e1 temporalmente el sistema electoral vigente. Este viernes fue sancionada con fuerza de ley en el Bolet\u00edn [&hellip;]<\/p>\n","protected":false},"author":2,"featured_media":13674,"comment_status":"open","ping_status":"open","sticky":false,"template":"","format":"standard","meta":[],"categories":[50],"tags":[],"_links":{"self":[{"href":"https:\/\/pasaenmendoza.com\/index.php?rest_route=\/wp\/v2\/posts\/13673"}],"collection":[{"href":"https:\/\/pasaenmendoza.com\/index.php?rest_route=\/wp\/v2\/posts"}],"about":[{"href":"https:\/\/pasaenmendoza.com\/index.php?rest_route=\/wp\/v2\/types\/post"}],"author":[{"embeddable":true,"href":"https:\/\/pasaenmendoza.com\/index.php?rest_route=\/wp\/v2\/users\/2"}],"replies":[{"embeddable":true,"href":"https:\/\/pasaenmendoza.com\/index.php?rest_route=%2Fwp%2Fv2%2Fcomments&post=13673"}],"version-history":[{"count":1,"href":"https:\/\/pasaenmendoza.com\/index.php?rest_route=\/wp\/v2\/posts\/13673\/revisions"}],"predecessor-version":[{"id":13675,"href":"https:\/\/pasaenmendoza.com\/index.php?rest_route=\/wp\/v2\/posts\/13673\/revisions\/13675"}],"wp:featuredmedia":[{"embeddable":true,"href":"https:\/\/pasaenmendoza.com\/index.php?rest_route=\/wp\/v2\/media\/13674"}],"wp:attachment":[{"href":"https:\/\/pasaenmendoza.com\/index.php?rest_route=%2Fwp%2Fv2%2Fmedia&parent=13673"}],"wp:term":[{"taxonomy":"category","embeddable":true,"href":"https:\/\/pasaenmendoza.com\/index.php?rest_route=%2Fwp%2Fv2%2Fcategories&post=13673"},{"taxonomy":"post_tag","embeddable":true,"href":"https:\/\/pasaenmendoza.com\/index.php?rest_route=%2Fwp%2Fv2%2Ftags&post=13673"}],"curies":[{"name":"wp","href":"https:\/\/api.w.org\/{rel}","templated":true}]}}