{"id":13679,"date":"2025-06-27T21:34:07","date_gmt":"2025-06-27T19:34:07","guid":{"rendered":"https:\/\/pasaenmendoza.com\/?p=13679"},"modified":"2025-06-27T21:34:08","modified_gmt":"2025-06-27T19:34:08","slug":"cornejo-insistio-con-tres-reformas-centrales-que-tiene-que-realizar-milei-para-que-argentina-crezca","status":"publish","type":"post","link":"https:\/\/pasaenmendoza.com\/?p=13679","title":{"rendered":"Cornejo insisti\u00f3 con tres reformas centrales que tiene que realizar Milei para que \u201cArgentina crezca\u201d"},"content":{"rendered":"\n<p>El gobernador de Mendoza,&nbsp;<strong>Alfredo Cornejo<\/strong>, sostuvo que<strong>&nbsp;el pa\u00eds \u201cest\u00e1 bien orientado en t\u00e9rminos macroecon\u00f3micos<\/strong>\u201c, pero advirti\u00f3 que sin&nbsp;<strong>cambios profundos en \u00e1reas clave<\/strong>, la inversi\u00f3n, el empleo y el consumo&nbsp;<strong>no se reactivar\u00e1n de manera sostenida<\/strong>.<\/p>\n\n\n\n<p>Durante la apertura de la jornada de trabajo del\u00a0<strong>Consejo Profesional de Ciencias Econ\u00f3micas de Mendoza<\/strong>, el mandatario provincial realiz\u00f3 un extenso an\u00e1lisis sobre la coyuntura econ\u00f3mica nacional e<strong>\u00a0hizo hincapi\u00e9 en la necesidad de avanzar con tres reformas estructurales<\/strong>\u00a0imprescindibles: la modificaci\u00f3n de la\u00a0<strong>coparticipaci\u00f3n federal<\/strong>, un cambio del\u00a0<strong>sistema tributario\u00a0<\/strong>y una\u00a0<strong>reforma laboral<\/strong>, todas bajo la premisa de lograr un desarrollo econ\u00f3mico equilibrado y duradero.<\/p>\n\n\n\n<p><strong><em>\u201cEl pa\u00eds est\u00e1 en una orientaci\u00f3n correcta\u201d<\/em><\/strong>, se\u00f1al\u00f3 el mandatario, valorando las medidas del Gobierno nacional para alcanzar el equilibrio fiscal y reducir la inflaci\u00f3n. Sin embargo, advirti\u00f3 que<strong>\u00a0estos logros macroecon\u00f3micos no ser\u00e1n suficientes<\/strong>\u00a0si no se encaran transformaciones de fondo:\u00a0<em><strong>\u201cSin reformas fiscales y laborales no va a crecer el empleo, no va a crecer el consumo y no va a crecer la inversi\u00f3n local de nuestras pymes\u201d<\/strong><\/em>, sostuvo.<\/p>\n\n\n\n<p><strong>Cornejo plante\u00f3 que el sistema de coparticipaci\u00f3n actual desincentiva la generaci\u00f3n de actividad privada&nbsp;<\/strong>en muchas provincias y promueve un esquema que distorsiona el esfuerzo fiscal.<strong><em>&nbsp;\u201cHay provincias que cubren el 90% de sus gastos con fondos coparticipables. \u00bfQu\u00e9 incentivo tienen para generar ingresos propios?\u201d<\/em><\/strong>, cuestion\u00f3.<\/p>\n\n\n\n<p>En cuanto a los impuestos,&nbsp;<strong>propuso simplificar y coordinar las bases impositivas entre Naci\u00f3n y provincias<\/strong>, evitando superposiciones y trabas para la actividad empresarial.&nbsp;<em>\u201cEl impuesto a los Ingresos Brutos es malo, pero es lo que tenemos.&nbsp;<strong>Necesitamos discutir una estructura tributaria&nbsp;<\/strong>que no desfinancie ni a la Naci\u00f3n ni a las provincias\u201d<\/em>, explic\u00f3.<\/p>\n\n\n\n<p>Por \u00faltimo,\u00a0<strong>puso especial \u00e9nfasis en la urgencia de una reforma laboral\u00a0<\/strong>que contemple beneficios concretos para las pymes.<em><strong>\u00a0<\/strong>\u201c<strong>El gran RIGI que necesita la Argentina es para las peque\u00f1as y medianas empresas: menos cargas patronales y mayor flexibilidad<\/strong>. Hoy hay sectores que no toman trabajadores por miedo a los juicios\u201d,<\/em>\u00a0remarc\u00f3.<\/p>\n\n\n\n<p><strong>Cornejo defendi\u00f3 el camino que ha seguido Mendoza en los \u00faltimos a\u00f1os<\/strong>&nbsp;\u2014con equilibrio fiscal sostenido, baja presi\u00f3n tributaria y menor litigiosidad laboral\u2014 pero subray\u00f3 que&nbsp;<strong>el contexto macroecon\u00f3mico nacional ha condicionado ese esfuerzo<\/strong>.&nbsp;<em>\u201cMendoza ha hecho los deberes, pero si no hay un marco nacional que acompa\u00f1e, el crecimiento sostenido ser\u00e1 imposible\u201d<\/em>, concluy\u00f3.<\/p>\n\n\n\n<p>El mandatario mendocino\u00a0<strong>inst\u00f3 al Congreso nacional a generar consensos amplios para encarar estas reformas<\/strong>.\u00a0<em>\u201cNo pueden salir por DNU. Requieren di\u00e1logo pol\u00edtico, visi\u00f3n federal y sentido com\u00fan\u201d,<\/em>\u00a0sostuvo, convencido de que el futuro econ\u00f3mico del pa\u00eds depende de decisiones estructurales que vayan m\u00e1s all\u00e1 de los ciclos de gobierno.<\/p>\n\n\n\n<p><strong>Fuente: www.elsol.com.ar<\/strong><\/p>\n","protected":false},"excerpt":{"rendered":"<p>El gobernador de Mendoza,&nbsp;Alfredo Cornejo, sostuvo que&nbsp;el pa\u00eds \u201cest\u00e1 bien orientado en t\u00e9rminos macroecon\u00f3micos\u201c, pero advirti\u00f3 que sin&nbsp;cambios profundos en \u00e1reas clave, la inversi\u00f3n, el empleo y el consumo&nbsp;no se reactivar\u00e1n de manera sostenida. Durante la apertura de la jornada de trabajo del\u00a0Consejo Profesional de Ciencias Econ\u00f3micas de Mendoza, el mandatario provincial realiz\u00f3 un extenso [&hellip;]<\/p>\n","protected":false},"author":2,"featured_media":13680,"comment_status":"open","ping_status":"open","sticky":false,"template":"","format":"standard","meta":[],"categories":[47],"tags":[],"_links":{"self":[{"href":"https:\/\/pasaenmendoza.com\/index.php?rest_route=\/wp\/v2\/posts\/13679"}],"collection":[{"href":"https:\/\/pasaenmendoza.com\/index.php?rest_route=\/wp\/v2\/posts"}],"about":[{"href":"https:\/\/pasaenmendoza.com\/index.php?rest_route=\/wp\/v2\/types\/post"}],"author":[{"embeddable":true,"href":"https:\/\/pasaenmendoza.com\/index.php?rest_route=\/wp\/v2\/users\/2"}],"replies":[{"embeddable":true,"href":"https:\/\/pasaenmendoza.com\/index.php?rest_route=%2Fwp%2Fv2%2Fcomments&post=13679"}],"version-history":[{"count":1,"href":"https:\/\/pasaenmendoza.com\/index.php?rest_route=\/wp\/v2\/posts\/13679\/revisions"}],"predecessor-version":[{"id":13681,"href":"https:\/\/pasaenmendoza.com\/index.php?rest_route=\/wp\/v2\/posts\/13679\/revisions\/13681"}],"wp:featuredmedia":[{"embeddable":true,"href":"https:\/\/pasaenmendoza.com\/index.php?rest_route=\/wp\/v2\/media\/13680"}],"wp:attachment":[{"href":"https:\/\/pasaenmendoza.com\/index.php?rest_route=%2Fwp%2Fv2%2Fmedia&parent=13679"}],"wp:term":[{"taxonomy":"category","embeddable":true,"href":"https:\/\/pasaenmendoza.com\/index.php?rest_route=%2Fwp%2Fv2%2Fcategories&post=13679"},{"taxonomy":"post_tag","embeddable":true,"href":"https:\/\/pasaenmendoza.com\/index.php?rest_route=%2Fwp%2Fv2%2Ftags&post=13679"}],"curies":[{"name":"wp","href":"https:\/\/api.w.org\/{rel}","templated":true}]}}