{"id":13682,"date":"2025-06-27T21:37:20","date_gmt":"2025-06-27T19:37:20","guid":{"rendered":"https:\/\/pasaenmendoza.com\/?p=13682"},"modified":"2025-06-27T21:37:21","modified_gmt":"2025-06-27T19:37:21","slug":"renuncio-la-fiscal-andrea-lorente-tras-ser-denunciada-en-el-jury-y-el-gobernador-decidio-aceptarlo","status":"publish","type":"post","link":"https:\/\/pasaenmendoza.com\/?p=13682","title":{"rendered":"Renunci\u00f3 la fiscal Andrea Lorente tras ser denunciada en el Jury y el gobernador decidi\u00f3 aceptarlo"},"content":{"rendered":"\n<p>Andrea Lorente, fiscal de Malarg\u00fce, renunci\u00f3 este viernes de modo &#8220;indeclinable&#8221; al cargo que ejerce desde 2019 tras haber sido denunciada por el jefe de los fiscales, Alejandro Gull\u00e9, en el\u00a0<strong>Jury de Enjuiciamiento<\/strong>\u00a0por &#8220;irregularidades&#8221; en el manejo de causas con chicos v\u00edctimas de abuso y maltrato.<\/p>\n\n\n\n<p>El gobernador recibi\u00f3 la nota presentada por&nbsp;<strong>Andrea Lorente<\/strong>&nbsp;en su despacho y ya decidi\u00f3 que&nbsp;<strong>le aceptar\u00e1<\/strong>&nbsp;la dimisi\u00f3n al considerar que el Jury de Enjuciamiento no activ\u00f3 el proceso de an\u00e1lisis y destituci\u00f3n.<\/p>\n\n\n\n<p>&#8220;Entiendo que mi renuncia indeclinable es el mejor camino para lograr que otro profesional pueda intentarlo&#8221;, dijo Andrea Lorente en la carta de dimisi\u00f3n.<\/p>\n\n\n\n<p><strong>Alfredo Cornejo<\/strong>&nbsp;tambi\u00e9n hab\u00eda cuestionado a la magistrada Andrea Lorente casi al mismo tiempo en que Gull\u00e9 presentaba el pedido de juicio pol\u00edtico. &#8220;Tiene muchas causas pisadas&#8221;, hab\u00eda dicho el primer mandatario acerca de Lorente.<\/p>\n\n\n\n<p><strong>Andrea Lorente<\/strong>&nbsp;fue denunciada por el jefe de los fiscales, Alejandro Gull\u00e9, mediante un documento de 32 carillas en el que expuso las grav\u00edsimas conclusiones de una auditor\u00eda sobre la fiscal\u00eda de Malarg\u00fce, entre febrero y marzo de 2024.<\/p>\n\n\n\n<h2 class=\"wp-block-heading\">Qu\u00e9 dijo Andrea Lorente en la renuncia que firm\u00f3 a mano<\/h2>\n\n\n\n<p>&#8220;Intent\u00e9 dar todo de m\u00ed dentro de lo establecido legalmente en el desempe\u00f1o de mis funciones para lograr hacer una diferencia sustancial en el bienestar de la comunidad malarg\u00fcina&#8221;<\/p>\n\n\n\n<p>&#8220;Resulta evidente que (dar todo de m\u00ed) no ha sido suficiente para lograrlo&#8221;<\/p>\n\n\n\n<p>&#8220;Entiendo que mi renuncia indeclinable es el mejor camino para lograr que otro profesional pueda intentarlo&#8221;<\/p>\n\n\n\n<p>&#8220;(Renuncio al cargo de fiscal de instrucci\u00f3n en Malarg\u00fce) por cuestiones personales y de salud&#8221;<\/p>\n\n\n\n<p>&#8220;Agradezco el voto de confianza -dijo al gobernador- y lamento no poder estar a la altura de las circunstancias&#8221;.<\/p>\n\n\n\n<p><strong>Fuente: www.diariouno.com.ar<\/strong><\/p>\n\n\n\n<p><\/p>\n","protected":false},"excerpt":{"rendered":"<p>Andrea Lorente, fiscal de Malarg\u00fce, renunci\u00f3 este viernes de modo &#8220;indeclinable&#8221; al cargo que ejerce desde 2019 tras haber sido denunciada por el jefe de los fiscales, Alejandro Gull\u00e9, en el\u00a0Jury de Enjuiciamiento\u00a0por &#8220;irregularidades&#8221; en el manejo de causas con chicos v\u00edctimas de abuso y maltrato. El gobernador recibi\u00f3 la nota presentada por&nbsp;Andrea Lorente&nbsp;en su [&hellip;]<\/p>\n","protected":false},"author":2,"featured_media":13683,"comment_status":"open","ping_status":"open","sticky":false,"template":"","format":"standard","meta":[],"categories":[60],"tags":[],"_links":{"self":[{"href":"https:\/\/pasaenmendoza.com\/index.php?rest_route=\/wp\/v2\/posts\/13682"}],"collection":[{"href":"https:\/\/pasaenmendoza.com\/index.php?rest_route=\/wp\/v2\/posts"}],"about":[{"href":"https:\/\/pasaenmendoza.com\/index.php?rest_route=\/wp\/v2\/types\/post"}],"author":[{"embeddable":true,"href":"https:\/\/pasaenmendoza.com\/index.php?rest_route=\/wp\/v2\/users\/2"}],"replies":[{"embeddable":true,"href":"https:\/\/pasaenmendoza.com\/index.php?rest_route=%2Fwp%2Fv2%2Fcomments&post=13682"}],"version-history":[{"count":1,"href":"https:\/\/pasaenmendoza.com\/index.php?rest_route=\/wp\/v2\/posts\/13682\/revisions"}],"predecessor-version":[{"id":13684,"href":"https:\/\/pasaenmendoza.com\/index.php?rest_route=\/wp\/v2\/posts\/13682\/revisions\/13684"}],"wp:featuredmedia":[{"embeddable":true,"href":"https:\/\/pasaenmendoza.com\/index.php?rest_route=\/wp\/v2\/media\/13683"}],"wp:attachment":[{"href":"https:\/\/pasaenmendoza.com\/index.php?rest_route=%2Fwp%2Fv2%2Fmedia&parent=13682"}],"wp:term":[{"taxonomy":"category","embeddable":true,"href":"https:\/\/pasaenmendoza.com\/index.php?rest_route=%2Fwp%2Fv2%2Fcategories&post=13682"},{"taxonomy":"post_tag","embeddable":true,"href":"https:\/\/pasaenmendoza.com\/index.php?rest_route=%2Fwp%2Fv2%2Ftags&post=13682"}],"curies":[{"name":"wp","href":"https:\/\/api.w.org\/{rel}","templated":true}]}}