{"id":13688,"date":"2025-06-30T15:04:14","date_gmt":"2025-06-30T13:04:14","guid":{"rendered":"https:\/\/pasaenmendoza.com\/?p=13688"},"modified":"2025-06-30T15:04:15","modified_gmt":"2025-06-30T13:04:15","slug":"mendoza-sin-clases-y-congelada-asi-estara-el-tiempo-en-un-lunes-con-frio-extremo","status":"publish","type":"post","link":"https:\/\/pasaenmendoza.com\/?p=13688","title":{"rendered":"Mendoza sin clases y congelada: as\u00ed estar\u00e1 el tiempo en un lunes con fr\u00edo extremo"},"content":{"rendered":"\n<p>El lunes arranc\u00f3 en&nbsp;<strong>Mendoza&nbsp;<\/strong>con calles sin mucho tr\u00e1nsito, a ra\u00edz de la&nbsp;<strong>suspensi\u00f3n de clases en las escuelas de toda la provincia, y mucho, pero mucho fr\u00edo.&nbsp;<\/strong>De todas formas, los accesos se cargaron sobre las 7 ya que los autos iban muy despacio por posible hielo en la calzada.<\/p>\n\n\n\n<p>De acuerdo con la Direcci\u00f3n de Contingencias Clim\u00e1ticas, para esta jornada se pronostica: \u201cPoca nubosidad, con heladas generales, niebla y neblinas matinales\u201d.<\/p>\n\n\n\n<p><strong>La m\u00ednima prevista es de -5 grados y la m\u00e1xima podr\u00eda llegar a los 4.<\/strong><\/p>\n\n\n\n<p>Para este lunes se espera por conocer la decisi\u00f3n de la\u00a0<strong>DGE\u00a0<\/strong>para las clases en el turno tarde, luego de la suspensi\u00f3n del dictado de las mismas durante la ma\u00f1ana. Los especialistas aconsejan no salir de los hogares sobre todo en las primeras horas en las que se registrar\u00e1n las m\u00ednimas pronosticadas.<\/p>\n\n\n\n<p>El Servicio Meteorol\u00f3gico Nacional mantiene<strong>\u00a0doble alerta por temperaturas extremas por fr\u00edo\u00a0<\/strong>en gran parte del territorio provincial para este lunes.<\/p>\n\n\n\n<p>Para el&nbsp;<strong>martes<\/strong>&nbsp;se pronostica: \u201cParcialmente nublado y muy fr\u00edo con heladas, vientos leves del noreste. Nevadas en cordillera\u201d.<strong>&nbsp;La m\u00ednima ser\u00e1 de -6 grados y la m\u00e1xima llegar\u00e1 a 6.<\/strong><\/p>\n\n\n\n<p>En tanto, el\u00a0<strong>mi\u00e9rcoles<\/strong>\u00a0estar\u00e1 \u201cParcialmente nublado y fr\u00edo, vientos leves del noreste. Mejorando en cordillera\u201d.\u00a0<strong>La m\u00ednima ser\u00e1 de-4 grados y la m\u00e1xima de 0.<\/strong><\/p>\n\n\n\n<p><strong>Fuente: www.elsol.com.ar<\/strong><\/p>\n","protected":false},"excerpt":{"rendered":"<p>El lunes arranc\u00f3 en&nbsp;Mendoza&nbsp;con calles sin mucho tr\u00e1nsito, a ra\u00edz de la&nbsp;suspensi\u00f3n de clases en las escuelas de toda la provincia, y mucho, pero mucho fr\u00edo.&nbsp;De todas formas, los accesos se cargaron sobre las 7 ya que los autos iban muy despacio por posible hielo en la calzada. De acuerdo con la Direcci\u00f3n de Contingencias [&hellip;]<\/p>\n","protected":false},"author":2,"featured_media":13689,"comment_status":"open","ping_status":"open","sticky":false,"template":"","format":"standard","meta":[],"categories":[52],"tags":[],"_links":{"self":[{"href":"https:\/\/pasaenmendoza.com\/index.php?rest_route=\/wp\/v2\/posts\/13688"}],"collection":[{"href":"https:\/\/pasaenmendoza.com\/index.php?rest_route=\/wp\/v2\/posts"}],"about":[{"href":"https:\/\/pasaenmendoza.com\/index.php?rest_route=\/wp\/v2\/types\/post"}],"author":[{"embeddable":true,"href":"https:\/\/pasaenmendoza.com\/index.php?rest_route=\/wp\/v2\/users\/2"}],"replies":[{"embeddable":true,"href":"https:\/\/pasaenmendoza.com\/index.php?rest_route=%2Fwp%2Fv2%2Fcomments&post=13688"}],"version-history":[{"count":1,"href":"https:\/\/pasaenmendoza.com\/index.php?rest_route=\/wp\/v2\/posts\/13688\/revisions"}],"predecessor-version":[{"id":13690,"href":"https:\/\/pasaenmendoza.com\/index.php?rest_route=\/wp\/v2\/posts\/13688\/revisions\/13690"}],"wp:featuredmedia":[{"embeddable":true,"href":"https:\/\/pasaenmendoza.com\/index.php?rest_route=\/wp\/v2\/media\/13689"}],"wp:attachment":[{"href":"https:\/\/pasaenmendoza.com\/index.php?rest_route=%2Fwp%2Fv2%2Fmedia&parent=13688"}],"wp:term":[{"taxonomy":"category","embeddable":true,"href":"https:\/\/pasaenmendoza.com\/index.php?rest_route=%2Fwp%2Fv2%2Fcategories&post=13688"},{"taxonomy":"post_tag","embeddable":true,"href":"https:\/\/pasaenmendoza.com\/index.php?rest_route=%2Fwp%2Fv2%2Ftags&post=13688"}],"curies":[{"name":"wp","href":"https:\/\/api.w.org\/{rel}","templated":true}]}}