{"id":13691,"date":"2025-06-30T15:15:42","date_gmt":"2025-06-30T13:15:42","guid":{"rendered":"https:\/\/pasaenmendoza.com\/?p=13691"},"modified":"2025-06-30T15:15:43","modified_gmt":"2025-06-30T13:15:43","slug":"clases-suspendidas-en-la-manana-por-nieve-y-frio-extremo-la-dge-define-que-pasara-con-el-turno-tarde","status":"publish","type":"post","link":"https:\/\/pasaenmendoza.com\/?p=13691","title":{"rendered":"Clases suspendidas en la ma\u00f1ana por nieve y fr\u00edo extremo: la DGE define qu\u00e9 pasar\u00e1 con el turno tarde"},"content":{"rendered":"\n<p>Luego de que las autoridades de la<strong>&nbsp;Direcci\u00f3n General de Escuelas<\/strong>&nbsp;(DGE) anunciaran la suspensi\u00f3n de clases para el turno ma\u00f1ana, en todos los niveles, a ra\u00edz de la intensa nevada que&nbsp;<strong>azot\u00f3 a Mendoza<\/strong>, ahora resta saber&nbsp;<strong>qu\u00e9 pasar\u00e1 con el turno tarde<\/strong>. La temperatura registrada en horas de la ma\u00f1ana es de 5 grados bajo cero.<\/p>\n\n\n\n<p>Frente a este panorama, las autoridades de la cartera conducida por Tadeo Garc\u00eda Zalazar refirieron a\u00a0<strong>El Sol\u00a0<\/strong>que\u00a0<strong>\u201c<em>a las 11 se dar\u00e1 a conocer la informaci\u00f3n, luego de realizar un relevamiento por toda la provincia\u201d.<\/em><\/strong><\/p>\n\n\n\n<p>Las condiciones meteorol\u00f3gicas son muy adversas, pese a que el cielo est\u00e1 despejado. La temperatura m\u00e1xima llegar\u00e1 a los 4 grados y hay hielo en la calzada, por ello, las autoridades analizan todos los escenarios posibles antes de tomar una decisi\u00f3n.<\/p>\n\n\n\n<p>La nevada del domingo fue hist\u00f3rica ya que nunca otra hab\u00eda durado tantas horas en Mendoza y porque se acumularon 8 cent\u00edmetros, seg\u00fan la informaci\u00f3n oficial a la que accedi\u00f3 El Sol.<\/p>\n\n\n\n<h2 class=\"wp-block-heading\" id=\"h-que-se-espera-para-los-proximos-dias\">Qu\u00e9 se espera para los pr\u00f3ximos d\u00edas<\/h2>\n\n\n\n<p><strong>Entre martes y mi\u00e9rcoles se prev\u00e9 que contin\u00faen las temperaturas extremas por fr\u00edo<\/strong>, con&nbsp;<strong>m\u00ednimas que rondar\u00e1n los 6 y 4 grados bajo cero<\/strong>, respectivamente, y m\u00e1ximas que no superar\u00e1n los 10 grados.<\/p>\n\n\n\n<p>El jueves reci\u00e9n podr\u00edan mejorar las condiciones meteorol\u00f3gicas. la m\u00ednima ser\u00e1 de -1 grados y la m\u00e1xima llegar\u00e1 a los 12.<\/p>\n\n\n\n<p>El viernes estar\u00e1 soleado, la m\u00ednima ser\u00e1 de 1 grado y la m\u00e1xima de 15.<\/p>\n\n\n\n<p><strong>Fuente: www.elsol.com.ar<\/strong><\/p>\n","protected":false},"excerpt":{"rendered":"<p>Luego de que las autoridades de la&nbsp;Direcci\u00f3n General de Escuelas&nbsp;(DGE) anunciaran la suspensi\u00f3n de clases para el turno ma\u00f1ana, en todos los niveles, a ra\u00edz de la intensa nevada que&nbsp;azot\u00f3 a Mendoza, ahora resta saber&nbsp;qu\u00e9 pasar\u00e1 con el turno tarde. La temperatura registrada en horas de la ma\u00f1ana es de 5 grados bajo cero. Frente [&hellip;]<\/p>\n","protected":false},"author":2,"featured_media":13692,"comment_status":"open","ping_status":"open","sticky":false,"template":"","format":"standard","meta":[],"categories":[121],"tags":[],"_links":{"self":[{"href":"https:\/\/pasaenmendoza.com\/index.php?rest_route=\/wp\/v2\/posts\/13691"}],"collection":[{"href":"https:\/\/pasaenmendoza.com\/index.php?rest_route=\/wp\/v2\/posts"}],"about":[{"href":"https:\/\/pasaenmendoza.com\/index.php?rest_route=\/wp\/v2\/types\/post"}],"author":[{"embeddable":true,"href":"https:\/\/pasaenmendoza.com\/index.php?rest_route=\/wp\/v2\/users\/2"}],"replies":[{"embeddable":true,"href":"https:\/\/pasaenmendoza.com\/index.php?rest_route=%2Fwp%2Fv2%2Fcomments&post=13691"}],"version-history":[{"count":1,"href":"https:\/\/pasaenmendoza.com\/index.php?rest_route=\/wp\/v2\/posts\/13691\/revisions"}],"predecessor-version":[{"id":13693,"href":"https:\/\/pasaenmendoza.com\/index.php?rest_route=\/wp\/v2\/posts\/13691\/revisions\/13693"}],"wp:featuredmedia":[{"embeddable":true,"href":"https:\/\/pasaenmendoza.com\/index.php?rest_route=\/wp\/v2\/media\/13692"}],"wp:attachment":[{"href":"https:\/\/pasaenmendoza.com\/index.php?rest_route=%2Fwp%2Fv2%2Fmedia&parent=13691"}],"wp:term":[{"taxonomy":"category","embeddable":true,"href":"https:\/\/pasaenmendoza.com\/index.php?rest_route=%2Fwp%2Fv2%2Fcategories&post=13691"},{"taxonomy":"post_tag","embeddable":true,"href":"https:\/\/pasaenmendoza.com\/index.php?rest_route=%2Fwp%2Fv2%2Ftags&post=13691"}],"curies":[{"name":"wp","href":"https:\/\/api.w.org\/{rel}","templated":true}]}}