{"id":13694,"date":"2025-06-30T15:21:54","date_gmt":"2025-06-30T13:21:54","guid":{"rendered":"https:\/\/pasaenmendoza.com\/?p=13694"},"modified":"2025-06-30T15:21:55","modified_gmt":"2025-06-30T13:21:55","slug":"caos-vehicular-en-la-costanera-calles-congeladas-dos-accidentes-y-largas-filas","status":"publish","type":"post","link":"https:\/\/pasaenmendoza.com\/?p=13694","title":{"rendered":"Caos veh\u00edcular en la Costanera: calles congeladas, dos accidentes y largas filas"},"content":{"rendered":"\n<p>Este lunes por la ma\u00f1ana se torn\u00f3 ca\u00f3tico en algunas zonas del Gran Mendoza pese a que no hay dictado de clases por el&nbsp;<strong>fr\u00edo extremo y las nevadas<\/strong>&nbsp;del domingo.<\/p>\n\n\n\n<p>En la&nbsp;<strong>Costanera<\/strong>, a la altura del mayorista Makro, un auto ven\u00eda circulando en solitario y al intentar realizar una maniobra para doblar en la curva termin\u00f3 chocando en solitario.<\/p>\n\n\n\n<p>Se trat\u00f3 del conductor de un Clio de color negro, que qued\u00f3 en medio de la calzada producto del giro que dio el veh\u00edculo.<\/p>\n\n\n\n<p>Quienes pasaban por la zona advert\u00edan que no estaba se\u00f1alizado el&nbsp;<strong>hielo&nbsp;<\/strong>sobre la calzada como s\u00ed lo estaban en otros puntos de la provincia.<\/p>\n\n\n\n<p>Los\u00a0<strong>autos\u00a0<\/strong>siguieron circulando con rapidez y no advert\u00edan que la zona del puente estaba congelada, lo que hac\u00eda perder la estabilidad de los veh\u00edculos.<\/p>\n\n\n\n<p>De hecho, los autos que iban por la mano que va hacia el Sur, se topaban tras la curva con el rodado chocado.<\/p>\n\n\n\n<p>El caos fue tal que un motociclista, minutos m\u00e1s tarde, tambi\u00e9n choc\u00f3 en solitario y cay\u00f3 de su moto producto del hielo en la calzada.<\/p>\n\n\n\n<p>Ambos conductores tuvieron que ser asistidos por m\u00e9dicos que llegaron junto a Tr\u00e1nsito de Godoy Cruz en una ambulancia del SEC.<\/p>\n\n\n\n<p><strong>Fuente: www.elsol.com.ar<\/strong><\/p>\n","protected":false},"excerpt":{"rendered":"<p>Este lunes por la ma\u00f1ana se torn\u00f3 ca\u00f3tico en algunas zonas del Gran Mendoza pese a que no hay dictado de clases por el&nbsp;fr\u00edo extremo y las nevadas&nbsp;del domingo. En la&nbsp;Costanera, a la altura del mayorista Makro, un auto ven\u00eda circulando en solitario y al intentar realizar una maniobra para doblar en la curva termin\u00f3 [&hellip;]<\/p>\n","protected":false},"author":2,"featured_media":13695,"comment_status":"open","ping_status":"open","sticky":false,"template":"","format":"standard","meta":[],"categories":[48],"tags":[],"_links":{"self":[{"href":"https:\/\/pasaenmendoza.com\/index.php?rest_route=\/wp\/v2\/posts\/13694"}],"collection":[{"href":"https:\/\/pasaenmendoza.com\/index.php?rest_route=\/wp\/v2\/posts"}],"about":[{"href":"https:\/\/pasaenmendoza.com\/index.php?rest_route=\/wp\/v2\/types\/post"}],"author":[{"embeddable":true,"href":"https:\/\/pasaenmendoza.com\/index.php?rest_route=\/wp\/v2\/users\/2"}],"replies":[{"embeddable":true,"href":"https:\/\/pasaenmendoza.com\/index.php?rest_route=%2Fwp%2Fv2%2Fcomments&post=13694"}],"version-history":[{"count":1,"href":"https:\/\/pasaenmendoza.com\/index.php?rest_route=\/wp\/v2\/posts\/13694\/revisions"}],"predecessor-version":[{"id":13696,"href":"https:\/\/pasaenmendoza.com\/index.php?rest_route=\/wp\/v2\/posts\/13694\/revisions\/13696"}],"wp:featuredmedia":[{"embeddable":true,"href":"https:\/\/pasaenmendoza.com\/index.php?rest_route=\/wp\/v2\/media\/13695"}],"wp:attachment":[{"href":"https:\/\/pasaenmendoza.com\/index.php?rest_route=%2Fwp%2Fv2%2Fmedia&parent=13694"}],"wp:term":[{"taxonomy":"category","embeddable":true,"href":"https:\/\/pasaenmendoza.com\/index.php?rest_route=%2Fwp%2Fv2%2Fcategories&post=13694"},{"taxonomy":"post_tag","embeddable":true,"href":"https:\/\/pasaenmendoza.com\/index.php?rest_route=%2Fwp%2Fv2%2Ftags&post=13694"}],"curies":[{"name":"wp","href":"https:\/\/api.w.org\/{rel}","templated":true}]}}