{"id":13697,"date":"2025-06-30T16:03:44","date_gmt":"2025-06-30T14:03:44","guid":{"rendered":"https:\/\/pasaenmendoza.com\/?p=13697"},"modified":"2025-06-30T16:03:45","modified_gmt":"2025-06-30T14:03:45","slug":"el-aeropuerto-de-mendoza-cerro-por-la-neblina-hay-vuelos-cancelados-y-reprogramados","status":"publish","type":"post","link":"https:\/\/pasaenmendoza.com\/?p=13697","title":{"rendered":"El aeropuerto de Mendoza cerr\u00f3 por la neblina: hay vuelos cancelados y reprogramados"},"content":{"rendered":"\n<p>La&nbsp;<strong>baja visibilidad<\/strong>&nbsp;complic\u00f3 el panorama del lunes por la ma\u00f1ana en el aeropuerto de Mendoza. Hay<strong>&nbsp;vuelos cancelados y reprogramados<\/strong>, por lo que piden a los pasajeros que consulten con las empresas antes de dirigirse hacia&nbsp;<strong>El Plumerillo<\/strong>&nbsp;para tomar su viaje.<\/p>\n\n\n\n<p>En concreto, el&nbsp;<strong>aeropuerto&nbsp;<\/strong>se mantiene sin operaciones por la baja visibilidad que se present\u00f3 desde temprano por la densa&nbsp;<strong>neblina<\/strong>. Esta afect\u00f3 a la pista de El Plumerillo y seg\u00fan indicaron a&nbsp;<strong><em>El Sol,<\/em><\/strong>&nbsp;no se pueden realizar aterrizajes ni despegues hasta que no se despeje.<\/p>\n\n\n\n<p>La apertura podr\u00eda retomarse en algunas horas cuando la visibilidad llegue a 500 metros, seg\u00fan explicaron desde distintas empresas que operan en\u00a0<strong>El Plumerillo<\/strong>. Y la recomendaci\u00f3n a los viajeros es que consulten previamente en qu\u00e9 estado se encuentra su vuelo.<\/p>\n\n\n\n<p>El sitio\u00a0<strong>Aeropuertosargentina.com<\/strong>\u00a0inform\u00f3 que los primeros vuelos de la ma\u00f1ana, al menos hasta las 7.30, pudieron operar con normalidad. Sin embargo, al amanecer, la situaci\u00f3n se complic\u00f3 y los viajes hacia Ezeiza y Aeroparque de Jetsmart, FlyBondi y Aerol\u00edneas Argentinas tuvieron que ser cancelados; al igual que otro que ten\u00eda como destino la provincia C\u00f3rdoba.<\/p>\n\n\n\n<p>Por su parte, los arribos tambi\u00e9n se vieron afectados: vuelos que llegaban a El Plumerillo desde\u00a0<strong>Ezeiza y Aeroparque\u00a0<\/strong>no salieron desde Buenos Aires por los problemas en las pistas mendocinas.<\/p>\n\n\n\n<p>Se espera que en las pr\u00f3ximas horas el&nbsp;<strong>aeropuerto&nbsp;<\/strong>retome su trabajo con normalidad y que los&nbsp;<strong>vuelos que fueron cancelados<\/strong>&nbsp;puedan emprender viaje hacia Mendoza o desde la provincia hacia Buenos Aires, pero la decisi\u00f3n deber\u00e1 correr por parte de la empresa operadora.<\/p>\n\n\n\n<p>Los viajes de la tarde, en cambio, se mantienen con su horario original, aguardando la confirmaci\u00f3n de la operabilidad de las pistas.<\/p>\n\n\n\n<p><strong>Fuente: www.elsol.com.ar<\/strong><\/p>\n","protected":false},"excerpt":{"rendered":"<p>La&nbsp;baja visibilidad&nbsp;complic\u00f3 el panorama del lunes por la ma\u00f1ana en el aeropuerto de Mendoza. Hay&nbsp;vuelos cancelados y reprogramados, por lo que piden a los pasajeros que consulten con las empresas antes de dirigirse hacia&nbsp;El Plumerillo&nbsp;para tomar su viaje. En concreto, el&nbsp;aeropuerto&nbsp;se mantiene sin operaciones por la baja visibilidad que se present\u00f3 desde temprano por la [&hellip;]<\/p>\n","protected":false},"author":2,"featured_media":13698,"comment_status":"open","ping_status":"open","sticky":false,"template":"","format":"standard","meta":[],"categories":[50],"tags":[],"_links":{"self":[{"href":"https:\/\/pasaenmendoza.com\/index.php?rest_route=\/wp\/v2\/posts\/13697"}],"collection":[{"href":"https:\/\/pasaenmendoza.com\/index.php?rest_route=\/wp\/v2\/posts"}],"about":[{"href":"https:\/\/pasaenmendoza.com\/index.php?rest_route=\/wp\/v2\/types\/post"}],"author":[{"embeddable":true,"href":"https:\/\/pasaenmendoza.com\/index.php?rest_route=\/wp\/v2\/users\/2"}],"replies":[{"embeddable":true,"href":"https:\/\/pasaenmendoza.com\/index.php?rest_route=%2Fwp%2Fv2%2Fcomments&post=13697"}],"version-history":[{"count":1,"href":"https:\/\/pasaenmendoza.com\/index.php?rest_route=\/wp\/v2\/posts\/13697\/revisions"}],"predecessor-version":[{"id":13699,"href":"https:\/\/pasaenmendoza.com\/index.php?rest_route=\/wp\/v2\/posts\/13697\/revisions\/13699"}],"wp:featuredmedia":[{"embeddable":true,"href":"https:\/\/pasaenmendoza.com\/index.php?rest_route=\/wp\/v2\/media\/13698"}],"wp:attachment":[{"href":"https:\/\/pasaenmendoza.com\/index.php?rest_route=%2Fwp%2Fv2%2Fmedia&parent=13697"}],"wp:term":[{"taxonomy":"category","embeddable":true,"href":"https:\/\/pasaenmendoza.com\/index.php?rest_route=%2Fwp%2Fv2%2Fcategories&post=13697"},{"taxonomy":"post_tag","embeddable":true,"href":"https:\/\/pasaenmendoza.com\/index.php?rest_route=%2Fwp%2Fv2%2Ftags&post=13697"}],"curies":[{"name":"wp","href":"https:\/\/api.w.org\/{rel}","templated":true}]}}