{"id":13703,"date":"2025-07-01T01:43:37","date_gmt":"2025-06-30T23:43:37","guid":{"rendered":"https:\/\/pasaenmendoza.com\/?p=13703"},"modified":"2025-07-01T01:48:36","modified_gmt":"2025-06-30T23:48:36","slug":"nacion-ordeno-a-los-traumatologos-retomar-la-atencion-de-pami-bajo-condiciones-previas-al-conflicto","status":"publish","type":"post","link":"https:\/\/pasaenmendoza.com\/?p=13703","title":{"rendered":"Naci\u00f3n orden\u00f3 a los traumat\u00f3logos retomar la atenci\u00f3n de PAMI bajo condiciones previas al conflicto"},"content":{"rendered":"\n<p>La Naci\u00f3n, a trav\u00e9s de la Secretaria de Industria y Comercio del Ministerio de Econom\u00eda, dio respuesta al&nbsp;conflicto entre&nbsp;<strong>traumat\u00f3logos<\/strong>&nbsp;y cl\u00ednicas que atienden PAMI&nbsp;en Mendoza. La resoluci\u00f3n se\u00f1ala que la atenci\u00f3n deber\u00e1 respetar las condiciones vigentes antes del 1 de abril .<\/p>\n\n\n\n<p>Esto implica, entre otros puntos, que quede sin efecto el tarifario que la&nbsp;mayor\u00eda de las&nbsp;<strong>cl\u00ednicas<\/strong>&nbsp;acept\u00f3 en las \u00faltimas semanas para volver a contar con el servicio de&nbsp;<strong>traumatolog\u00eda<\/strong>.<\/p>\n\n\n\n<p>Puntualmente, la medida preventiva ordena:<\/p>\n\n\n\n<ul>\n<li>La cesaci\u00f3n de restricciones y el restablecimiento del servicio<\/li>\n\n\n\n<li>Suspender la aplicaci\u00f3n de cualquier listado de precios, tarifario o nomenclador referido a la actividad profesional de sus asociados que atienden a afiliados del&nbsp;<strong>PAMI<\/strong><\/li>\n\n\n\n<li>Restablecer de inmediato la atenci\u00f3n normal a los afiliados del&nbsp;<strong>PAMI<\/strong>, respetando las condiciones vigentes al 31 de marzo de 2025<\/li>\n<\/ul>\n\n\n\n<p>Lo que busca la Naci\u00f3n con esta resoluci\u00f3n, que ser\u00e1 de aplicaci\u00f3n durante los pr\u00f3ximos seis meses, es revertir el aumento del 400% exigido por los&nbsp;<strong>traumat\u00f3logos<\/strong>&nbsp;que, ante la falta de acuerdo con las cl\u00ednicas, hab\u00edan dejado de atender pacientes con la obra social de los jubilados.<\/p>\n\n\n\n<h2 class=\"wp-block-heading\">La denuncia: por qu\u00e9 se meti\u00f3 Naci\u00f3n en el conflicto con los traumat\u00f3logos<\/h2>\n\n\n\n<p>La Secretar\u00eda de Comercio intervino luego de que cinco cl\u00ednicas &#8211; Cl\u00ednica Santa Mar\u00eda, el Hospital Privado, Santa Isabel, Italiano y A Mano- denunciaran a 47&nbsp;<strong>traumat\u00f3logos<\/strong>&nbsp;y a la asociaci\u00f3n que los agrupa por presunta cartelizaci\u00f3n&nbsp;<strong>y abuso de posici\u00f3n dominante.<\/strong><\/p>\n\n\n\n<p>Alegaron que la AMOT y sus miembros coordinaron la interrupci\u00f3n de servicios de traumatolog\u00eda a afiliados de&nbsp;<strong>PAMI<\/strong>&nbsp;en el Gran Mendoza, buscando imponer aumentos de precios y controlar la facturaci\u00f3n.<\/p>\n\n\n\n<p>Desde el inicio del conflicto hasta la resoluci\u00f3n de Naci\u00f3n, hubo intentos de acercamiento y soluciones parciales e incluso el Ministerio de&nbsp;<strong>Salud<\/strong>&nbsp;de Mendoza intent\u00f3 oficiar de intermediario.<\/p>\n\n\n\n<p>Dos cl\u00ednicas lograron un acuerdo con los traumat\u00f3logos a fines de abril \u2013Santa Clara y Sociedad Espa\u00f1ola-, mientras que las otras cinco decidieron presentar la denuncia.<\/p>\n\n\n\n<p>En el camino, a la espera de la resoluci\u00f3n de Naci\u00f3n,&nbsp;la mayor\u00eda de las&nbsp;<strong>cl\u00ednicas&nbsp;<\/strong>cedi\u00f3 a los reclamos de los traumat\u00f3logos. \u201cEstamos pagando incrementos de valores de hasta el 400% que hacen insostenible al sistema pero se prioriz\u00f3 la atenci\u00f3n de los afiliados\u201d.<\/p>\n\n\n\n<h2 class=\"wp-block-heading\">Qu\u00e9 m\u00e1s dice en la resoluci\u00f3n a favor de las cl\u00ednicas<\/h2>\n\n\n\n<p>Naci\u00f3n estableci\u00f3 que la AMOT debe abstenerse de impedir o sancionar a sus asociados por el libre ejercicio profesional con las instituciones de Mendoza con las que mantengan conflicto.<\/p>\n\n\n\n<p>Debe notificar de la medida a la totalidad de sus asociados m\u00e9dicos&nbsp;<strong>traumat\u00f3logos<\/strong>, incluyendo a los 47 profesionales identificados en la denuncia; y debe publicar las \u00f3rdenes de abstenci\u00f3n y reestablecimiento del servicio en un lugar destacado de su sitio web (https:\/amotmza.com.ar) por un plazo de diez d\u00edas.<\/p>\n\n\n\n<p>La medida preventiva para que los&nbsp;<strong>traumat\u00f3logos&nbsp;<\/strong>retomen el servicio bajo las antiguas condiciones regir\u00e1 durante seis meses.<\/p>\n\n\n\n<p><strong>Fuente: www.diariouno.com.ar<\/strong><\/p>\n","protected":false},"excerpt":{"rendered":"<p>La Naci\u00f3n, a trav\u00e9s de la Secretaria de Industria y Comercio del Ministerio de Econom\u00eda, dio respuesta al&nbsp;conflicto entre&nbsp;traumat\u00f3logos&nbsp;y cl\u00ednicas que atienden PAMI&nbsp;en Mendoza. La resoluci\u00f3n se\u00f1ala que la atenci\u00f3n deber\u00e1 respetar las condiciones vigentes antes del 1 de abril . Esto implica, entre otros puntos, que quede sin efecto el tarifario que la&nbsp;mayor\u00eda de [&hellip;]<\/p>\n","protected":false},"author":2,"featured_media":13704,"comment_status":"open","ping_status":"open","sticky":false,"template":"","format":"standard","meta":[],"categories":[89],"tags":[],"_links":{"self":[{"href":"https:\/\/pasaenmendoza.com\/index.php?rest_route=\/wp\/v2\/posts\/13703"}],"collection":[{"href":"https:\/\/pasaenmendoza.com\/index.php?rest_route=\/wp\/v2\/posts"}],"about":[{"href":"https:\/\/pasaenmendoza.com\/index.php?rest_route=\/wp\/v2\/types\/post"}],"author":[{"embeddable":true,"href":"https:\/\/pasaenmendoza.com\/index.php?rest_route=\/wp\/v2\/users\/2"}],"replies":[{"embeddable":true,"href":"https:\/\/pasaenmendoza.com\/index.php?rest_route=%2Fwp%2Fv2%2Fcomments&post=13703"}],"version-history":[{"count":2,"href":"https:\/\/pasaenmendoza.com\/index.php?rest_route=\/wp\/v2\/posts\/13703\/revisions"}],"predecessor-version":[{"id":13709,"href":"https:\/\/pasaenmendoza.com\/index.php?rest_route=\/wp\/v2\/posts\/13703\/revisions\/13709"}],"wp:featuredmedia":[{"embeddable":true,"href":"https:\/\/pasaenmendoza.com\/index.php?rest_route=\/wp\/v2\/media\/13704"}],"wp:attachment":[{"href":"https:\/\/pasaenmendoza.com\/index.php?rest_route=%2Fwp%2Fv2%2Fmedia&parent=13703"}],"wp:term":[{"taxonomy":"category","embeddable":true,"href":"https:\/\/pasaenmendoza.com\/index.php?rest_route=%2Fwp%2Fv2%2Fcategories&post=13703"},{"taxonomy":"post_tag","embeddable":true,"href":"https:\/\/pasaenmendoza.com\/index.php?rest_route=%2Fwp%2Fv2%2Ftags&post=13703"}],"curies":[{"name":"wp","href":"https:\/\/api.w.org\/{rel}","templated":true}]}}