{"id":13710,"date":"2025-07-01T01:52:22","date_gmt":"2025-06-30T23:52:22","guid":{"rendered":"https:\/\/pasaenmendoza.com\/?p=13710"},"modified":"2025-07-01T01:52:23","modified_gmt":"2025-06-30T23:52:23","slug":"de-cuanto-es-el-nuevo-salario-minimo-que-oficializo-el-gobierno-nacional","status":"publish","type":"post","link":"https:\/\/pasaenmendoza.com\/?p=13710","title":{"rendered":"De cu\u00e1nto es el nuevo salario m\u00ednimo que oficializ\u00f3 el Gobierno nacional"},"content":{"rendered":"\n<p>La\u00a0<strong>Secretar\u00eda de Trabajo<\/strong>\u00a0oficializ\u00f3 un nuevo aumento del\u00a0<strong>Salario M\u00ednimo, Vital y M\u00f3vil (SMVM)<\/strong>,\u00a0que a partir del\u00a0<strong>1\u00b0 de julio<\/strong>\u00a0ser\u00e1 de\u00a0<strong>317.800 pesos<\/strong>\u00a0para trabajadores mensualizados, mientras que la hora para jornalizados se fija en\u00a0<strong>$1.589<\/strong>.<\/p>\n\n\n\n<p>El incremento forma parte de los incrementos progresivos dispuestos tras el fracaso del\u00a0<strong>Consejo del Salario<\/strong>, que no logr\u00f3 acuerdo entre empresarios, sindicatos y el Gobierno.<\/p>\n\n\n\n<p>El nuevo piso impactar\u00e1 en las&nbsp;<strong>negociaciones paritarias<\/strong>, las&nbsp;<strong>asignaciones de Anses<\/strong>, el&nbsp;<strong>Plan Hogar<\/strong>, las&nbsp;<strong>Becas Progresar<\/strong>&nbsp;y el&nbsp;<strong>fondo de desempleo<\/strong>, cuyos topes se ubicar\u00e1n entre&nbsp;<strong>$158.900 y $317.800<\/strong>.<\/p>\n\n\n\n<p>Adem\u00e1s, los jubilados con 30 a\u00f1os de aportes efectivos tienen garantizado el\u00a0<strong>82% del salario m\u00ednimo<\/strong>, aunque actualmente ese monto es superado por la jubilaci\u00f3n m\u00ednima vigente. El pr\u00f3ximo aumento ser\u00e1 en\u00a0<strong>agosto<\/strong>, cuando el piso salarial subir\u00e1 a\u00a0<strong>$322.000<\/strong>\u00a0para mensualizados y\u00a0<strong>$1.610<\/strong>\u00a0por hora para los trabajadores jornalizados.<\/p>\n\n\n\n<p><strong>Fuente: www.diariomendoza.com.ar<\/strong><\/p>\n","protected":false},"excerpt":{"rendered":"<p>La\u00a0Secretar\u00eda de Trabajo\u00a0oficializ\u00f3 un nuevo aumento del\u00a0Salario M\u00ednimo, Vital y M\u00f3vil (SMVM),\u00a0que a partir del\u00a01\u00b0 de julio\u00a0ser\u00e1 de\u00a0317.800 pesos\u00a0para trabajadores mensualizados, mientras que la hora para jornalizados se fija en\u00a0$1.589. El incremento forma parte de los incrementos progresivos dispuestos tras el fracaso del\u00a0Consejo del Salario, que no logr\u00f3 acuerdo entre empresarios, sindicatos y el Gobierno. [&hellip;]<\/p>\n","protected":false},"author":2,"featured_media":13711,"comment_status":"open","ping_status":"open","sticky":false,"template":"","format":"standard","meta":[],"categories":[75],"tags":[],"_links":{"self":[{"href":"https:\/\/pasaenmendoza.com\/index.php?rest_route=\/wp\/v2\/posts\/13710"}],"collection":[{"href":"https:\/\/pasaenmendoza.com\/index.php?rest_route=\/wp\/v2\/posts"}],"about":[{"href":"https:\/\/pasaenmendoza.com\/index.php?rest_route=\/wp\/v2\/types\/post"}],"author":[{"embeddable":true,"href":"https:\/\/pasaenmendoza.com\/index.php?rest_route=\/wp\/v2\/users\/2"}],"replies":[{"embeddable":true,"href":"https:\/\/pasaenmendoza.com\/index.php?rest_route=%2Fwp%2Fv2%2Fcomments&post=13710"}],"version-history":[{"count":1,"href":"https:\/\/pasaenmendoza.com\/index.php?rest_route=\/wp\/v2\/posts\/13710\/revisions"}],"predecessor-version":[{"id":13712,"href":"https:\/\/pasaenmendoza.com\/index.php?rest_route=\/wp\/v2\/posts\/13710\/revisions\/13712"}],"wp:featuredmedia":[{"embeddable":true,"href":"https:\/\/pasaenmendoza.com\/index.php?rest_route=\/wp\/v2\/media\/13711"}],"wp:attachment":[{"href":"https:\/\/pasaenmendoza.com\/index.php?rest_route=%2Fwp%2Fv2%2Fmedia&parent=13710"}],"wp:term":[{"taxonomy":"category","embeddable":true,"href":"https:\/\/pasaenmendoza.com\/index.php?rest_route=%2Fwp%2Fv2%2Fcategories&post=13710"},{"taxonomy":"post_tag","embeddable":true,"href":"https:\/\/pasaenmendoza.com\/index.php?rest_route=%2Fwp%2Fv2%2Ftags&post=13710"}],"curies":[{"name":"wp","href":"https:\/\/api.w.org\/{rel}","templated":true}]}}