{"id":13713,"date":"2025-07-01T15:02:23","date_gmt":"2025-07-01T13:02:23","guid":{"rendered":"https:\/\/pasaenmendoza.com\/?p=13713"},"modified":"2025-07-01T15:02:24","modified_gmt":"2025-07-01T13:02:24","slug":"el-tiempo-en-mendoza-para-este-martes-se-mantienen-las-temperaturas-bajo-cero","status":"publish","type":"post","link":"https:\/\/pasaenmendoza.com\/?p=13713","title":{"rendered":"El tiempo en Mendoza para este martes: se mantienen las temperaturas bajo cero"},"content":{"rendered":"\n<p>La temperatura m\u00e1xima para este martes apenas alcanzar\u00e1 los 9 grados cent\u00edgrados, mientras que la m\u00ednima descender\u00e1 por debajo del cero grado: -4 grados cent\u00edgrados.<\/p>\n\n\n\n<p>El pron\u00f3stico de la Direcci\u00f3n de Contingencias Clim\u00e1ticas adelant\u00f3 que habr\u00e1 \u201cpoca nubosidad y muy fr\u00edo con heladas fuertes, vientos leves del noreste\u201d.<\/p>\n\n\n\n<p>En la alta monta\u00f1a: \u201cNevadas en cordillera\u201d.<\/p>\n\n\n\n<p>Tambi\u00e9n se esperan heladas y probabilidad de niebla o neblinas por sectores.<\/p>\n\n\n\n<p><strong>Fuente: www.elsol.com.ar<\/strong><\/p>\n","protected":false},"excerpt":{"rendered":"<p>La temperatura m\u00e1xima para este martes apenas alcanzar\u00e1 los 9 grados cent\u00edgrados, mientras que la m\u00ednima descender\u00e1 por debajo del cero grado: -4 grados cent\u00edgrados. El pron\u00f3stico de la Direcci\u00f3n de Contingencias Clim\u00e1ticas adelant\u00f3 que habr\u00e1 \u201cpoca nubosidad y muy fr\u00edo con heladas fuertes, vientos leves del noreste\u201d. En la alta monta\u00f1a: \u201cNevadas en cordillera\u201d. [&hellip;]<\/p>\n","protected":false},"author":2,"featured_media":13714,"comment_status":"open","ping_status":"open","sticky":false,"template":"","format":"standard","meta":[],"categories":[52],"tags":[],"_links":{"self":[{"href":"https:\/\/pasaenmendoza.com\/index.php?rest_route=\/wp\/v2\/posts\/13713"}],"collection":[{"href":"https:\/\/pasaenmendoza.com\/index.php?rest_route=\/wp\/v2\/posts"}],"about":[{"href":"https:\/\/pasaenmendoza.com\/index.php?rest_route=\/wp\/v2\/types\/post"}],"author":[{"embeddable":true,"href":"https:\/\/pasaenmendoza.com\/index.php?rest_route=\/wp\/v2\/users\/2"}],"replies":[{"embeddable":true,"href":"https:\/\/pasaenmendoza.com\/index.php?rest_route=%2Fwp%2Fv2%2Fcomments&post=13713"}],"version-history":[{"count":1,"href":"https:\/\/pasaenmendoza.com\/index.php?rest_route=\/wp\/v2\/posts\/13713\/revisions"}],"predecessor-version":[{"id":13715,"href":"https:\/\/pasaenmendoza.com\/index.php?rest_route=\/wp\/v2\/posts\/13713\/revisions\/13715"}],"wp:featuredmedia":[{"embeddable":true,"href":"https:\/\/pasaenmendoza.com\/index.php?rest_route=\/wp\/v2\/media\/13714"}],"wp:attachment":[{"href":"https:\/\/pasaenmendoza.com\/index.php?rest_route=%2Fwp%2Fv2%2Fmedia&parent=13713"}],"wp:term":[{"taxonomy":"category","embeddable":true,"href":"https:\/\/pasaenmendoza.com\/index.php?rest_route=%2Fwp%2Fv2%2Fcategories&post=13713"},{"taxonomy":"post_tag","embeddable":true,"href":"https:\/\/pasaenmendoza.com\/index.php?rest_route=%2Fwp%2Fv2%2Ftags&post=13713"}],"curies":[{"name":"wp","href":"https:\/\/api.w.org\/{rel}","templated":true}]}}