{"id":13719,"date":"2025-07-01T15:22:18","date_gmt":"2025-07-01T13:22:18","guid":{"rendered":"https:\/\/pasaenmendoza.com\/?p=13719"},"modified":"2025-07-01T15:22:19","modified_gmt":"2025-07-01T13:22:19","slug":"como-ayudo-el-ejercito-en-mendoza-ante-el-frio-extremo","status":"publish","type":"post","link":"https:\/\/pasaenmendoza.com\/?p=13719","title":{"rendered":"C\u00f3mo ayud\u00f3 el Ej\u00e9rcito en Mendoza ante el fr\u00edo extremo"},"content":{"rendered":"\n<p>Ante la ola polar que afecta a gran parte del pa\u00eds, el&nbsp;<strong>Ministerio de Defensa<\/strong>, a cargo del mendocino<strong>&nbsp;Luis Petri<\/strong>, despleg\u00f3 operativos de asistencia en las provincias de&nbsp;<strong>Mendoza<\/strong>&nbsp;y&nbsp;<strong>Neuqu\u00e9n&nbsp;<\/strong>a trav\u00e9s del Ejercito.<\/p>\n\n\n\n<p>Las acciones se concentraron en los sectores m\u00e1s vulnerables, donde las bajas temperaturas y la acumulaci\u00f3n de nieve dificultan el acceso y la circulaci\u00f3n. En\u00a0<strong>Mendoza<\/strong>, los operativo se llevaron a cabo el domingo en\u00a0<strong>Tunuy\u00e1n<\/strong>\u00a0y este lunes en\u00a0<strong>San Mart\u00edn<\/strong>.<\/p>\n\n\n\n<p><strong>C\u00f3mo fue la ayuda<\/strong><\/p>\n\n\n\n<p>Durante el domingo, efectivos del Regimiento de Exploraci\u00f3n de Monta\u00f1a 15 y del Batall\u00f3n de Ingenieros de Monta\u00f1a 8 brindaron apoyo log\u00edstico y asistencia directa en los&nbsp;<strong>barrios Las Tablitas, Progreso, Rodrigo Bueno, Vista Flores y 25 de Noviembre.&nbsp;&nbsp;<\/strong>&nbsp;<\/p>\n\n\n\n<p>All\u00ed se organizaron\u00a0<strong>ollas populares<\/strong>\u00a0en coordinaci\u00f3n con la Municipalidad de\u00a0<strong>Tunuy\u00e1n<\/strong>. El Ej\u00e9rcito facilit\u00f3 sus cocinas y voluntarios locales colaboraron en la preparaci\u00f3n de un guiso de lentejas, elaborado durante m\u00e1s de diez horas.<\/p>\n\n\n\n<p>Cerca de las 19.30, se distribuyeron m\u00e1s de&nbsp;<strong>2.500 porciones de comida caliente<\/strong>,&nbsp;<strong>200 kilos de pan<\/strong>&nbsp;y&nbsp;<strong>50.000 kilos de le\u00f1a<\/strong>&nbsp;para calefaccionar hogares de las zonas m\u00e1s afectadas.<\/p>\n\n\n\n<p>\u00a0Durante la tarde de este lunes, el Ministerio de Defensa public\u00f3 en su red social X que desplegaron acciones de asistencia en el departamento de\u00a0<strong>San Mart\u00edn<\/strong>. Participaron el Comando de Brigada de Monta\u00f1a VIII y la Base de Apoyo Log\u00edstico Mendoza.<\/p>\n\n\n\n<p>El&nbsp;<strong>director de Desarrollo Social&nbsp;<\/strong>de ese departamento,&nbsp;<strong>Mauricio Bast\u00edas<\/strong>, brind\u00f3 m\u00e1s detalles al&nbsp;<em><strong>Post<\/strong><\/em>,sobre el operativo de asistencia alimentaria. &#8220;El operativo fue netamente municipal. El Ej\u00e9rcito, obviamente, colabor\u00f3, pero solo en cocinar; los insumos y los traslados fueron aportados por el municipio&#8221;, se\u00f1al\u00f3.<\/p>\n\n\n\n<p>Bast\u00edas detall\u00f3 que la actividad ya estaba prevista y que el Ej\u00e9rcito &#8220;correctamente se sum\u00f3&#8221;. Seg\u00fan indic\u00f3, la asistencia comenz\u00f3 el pasado mi\u00e9rcoles con la entrega de\u00a0<strong>viandas nocturnas\u00a0<\/strong>para quienes no asisten al\u00a0<strong>refugio que se abri\u00f3 en Palmira<\/strong>. &#8220;Esta semana se sum\u00f3 el almuerzo, y el Ej\u00e9rcito ofreci\u00f3 su colaboraci\u00f3n. En estas situaciones, mientras m\u00e1s actores participen, mejor&#8221;, agreg\u00f3.<\/p>\n\n\n\n<p>El operativo de&nbsp;<strong>almuerzo y cena se mantendr\u00e1 hasta el viernes<\/strong>, y luego se continuar\u00e1 por diez d\u00edas m\u00e1s con la cena \u00fanicamente. Por las noches, explic\u00f3 Bast\u00edas, la comida se reparte en la&nbsp;<strong>Terminal de San Mart\u00edn<\/strong>, donde se concentra la mayor\u00eda de las personas en situaci\u00f3n de calle. Desde all\u00ed se realiza el traslado al refugio y tambi\u00e9n se asiste a quienes deciden quedarse en el lugar.<\/p>\n\n\n\n<p>Adem\u00e1s de los alimentos, el municipio entrega\u00a0<strong>frazadas y ropa de abrigo<\/strong>\u00a0a quienes lo necesiten. Las cenas, seg\u00fan inform\u00f3 Bast\u00edas,\u00a0<strong>var\u00edan entre guisos de lentejas y estofados<\/strong>, siempre con preparaciones calientes pensadas para enfrentar el fr\u00edo. Actualmente, el relevamiento oficial del municipio indica que en<strong>\u00a0San Mart\u00edn hay 21 personas en situaci\u00f3n de calle<\/strong>.<\/p>\n\n\n\n<p><strong>Tambi\u00e9n se asisti\u00f3 a personas en Neuqu\u00e9n<\/strong><\/p>\n\n\n\n<p>En la provincia de Neuqu\u00e9n, el Batall\u00f3n de Ingenieros de Monta\u00f1a 6 trabaja junto a la Secretar\u00eda de Coordinaci\u00f3n de Emergencias en la\u00a0<strong>gesti\u00f3n de un refugio nocturno<\/strong>\u00a0para personas en situaci\u00f3n de calle. All\u00ed se garantiza abrigo, resguardo y la entrega de desayunos calientes para unas 150 personas cada ma\u00f1ana.<\/p>\n\n\n\n<p>La asistencia se mantendr\u00e1 activa en los pr\u00f3ximos d\u00edas, mientras persistan las bajas temperaturas. Seg\u00fan el Servicio Meteorol\u00f3gico Nacional (SMN), la ola polar podr\u00eda extenderse al menos hasta el pr\u00f3ximo fin de semana, con registros t\u00e9rmicos por debajo de los -10 \u00b0C en la regi\u00f3n cordillerana y el norte patag\u00f3nico.<\/p>\n\n\n\n<p><strong>Fuente: www.mendozapost.com<\/strong><\/p>\n","protected":false},"excerpt":{"rendered":"<p>Ante la ola polar que afecta a gran parte del pa\u00eds, el&nbsp;Ministerio de Defensa, a cargo del mendocino&nbsp;Luis Petri, despleg\u00f3 operativos de asistencia en las provincias de&nbsp;Mendoza&nbsp;y&nbsp;Neuqu\u00e9n&nbsp;a trav\u00e9s del Ejercito. Las acciones se concentraron en los sectores m\u00e1s vulnerables, donde las bajas temperaturas y la acumulaci\u00f3n de nieve dificultan el acceso y la circulaci\u00f3n. En\u00a0Mendoza, [&hellip;]<\/p>\n","protected":false},"author":2,"featured_media":13720,"comment_status":"open","ping_status":"open","sticky":false,"template":"","format":"standard","meta":[],"categories":[50],"tags":[],"_links":{"self":[{"href":"https:\/\/pasaenmendoza.com\/index.php?rest_route=\/wp\/v2\/posts\/13719"}],"collection":[{"href":"https:\/\/pasaenmendoza.com\/index.php?rest_route=\/wp\/v2\/posts"}],"about":[{"href":"https:\/\/pasaenmendoza.com\/index.php?rest_route=\/wp\/v2\/types\/post"}],"author":[{"embeddable":true,"href":"https:\/\/pasaenmendoza.com\/index.php?rest_route=\/wp\/v2\/users\/2"}],"replies":[{"embeddable":true,"href":"https:\/\/pasaenmendoza.com\/index.php?rest_route=%2Fwp%2Fv2%2Fcomments&post=13719"}],"version-history":[{"count":1,"href":"https:\/\/pasaenmendoza.com\/index.php?rest_route=\/wp\/v2\/posts\/13719\/revisions"}],"predecessor-version":[{"id":13721,"href":"https:\/\/pasaenmendoza.com\/index.php?rest_route=\/wp\/v2\/posts\/13719\/revisions\/13721"}],"wp:featuredmedia":[{"embeddable":true,"href":"https:\/\/pasaenmendoza.com\/index.php?rest_route=\/wp\/v2\/media\/13720"}],"wp:attachment":[{"href":"https:\/\/pasaenmendoza.com\/index.php?rest_route=%2Fwp%2Fv2%2Fmedia&parent=13719"}],"wp:term":[{"taxonomy":"category","embeddable":true,"href":"https:\/\/pasaenmendoza.com\/index.php?rest_route=%2Fwp%2Fv2%2Fcategories&post=13719"},{"taxonomy":"post_tag","embeddable":true,"href":"https:\/\/pasaenmendoza.com\/index.php?rest_route=%2Fwp%2Fv2%2Ftags&post=13719"}],"curies":[{"name":"wp","href":"https:\/\/api.w.org\/{rel}","templated":true}]}}