{"id":1372,"date":"2023-09-12T13:50:48","date_gmt":"2023-09-12T11:50:48","guid":{"rendered":"https:\/\/pasaenmendoza.com\/?p=1372"},"modified":"2023-09-12T13:50:50","modified_gmt":"2023-09-12T11:50:50","slug":"mendoza-sustentable-la-marca-que-impulsa-cornejo-para-aumentar-las-exportaciones","status":"publish","type":"post","link":"https:\/\/pasaenmendoza.com\/?p=1372","title":{"rendered":"\u201cMendoza Sustentable\u201d: la marca que impulsa Cornejo para aumentar las exportaciones"},"content":{"rendered":"\n<p>El candidato a la gobernaci\u00f3n de Cambia Mendoza explic\u00f3 que se trata de un certificado que \u201cnos posicionar\u00e1 en los mercados mundiales\u201d. Adem\u00e1s anticip\u00f3 que habr\u00e1 beneficios fiscales para las pymes que se sumen.<\/p>\n\n\n\n<p>El candidato a gobernador de Cambia Mendoza,&nbsp;<strong>Alfredo Cornejo<\/strong>, present\u00f3 ante empresarios su plan para aumentar las exportaciones provinciales. En tal sentido, record\u00f3 que en el pasado exigi\u00f3 participar en las negociaciones con la Uni\u00f3n Europea.&nbsp;<em>\u201cDebemos hacer viable ese acuerdo que fue frenado. Me propongo trabajar para reactivarlo\u201d<\/em>, asegur\u00f3.<\/p>\n\n\n\n<p>En ese sentido, hizo hincapi\u00e9 en la necesidad de una mayor libertad de mercado y comercio al asegurar que\u00a0<em>\u201crequerimos de m\u00e1s competencia. Tambi\u00e9n estoy convencido de que una intervenci\u00f3n inteligente del Estado es necesaria\u201d.<\/em><\/p>\n\n\n\n<p>Junto a su compa\u00f1era de f\u00f3rmula,\u00a0<strong>Hebe Casado<\/strong>, y los legisladores\u00a0<strong>Jimena Latorre, Mart\u00edn Kerchner y Pablo Priore<\/strong>, Cornejo mantuvo una reuni\u00f3n de trabajo con la comisi\u00f3n directiva de la\u00a0<strong>Federaci\u00f3n Econ\u00f3mica de Mendoza (FEM)<\/strong>, donde present\u00f3 su proyecto denominado\u00a0<strong>\u201cMendoza Sustentable\u201d.<\/strong><\/p>\n\n\n\n<p><em>\u201cMendoza Sustentable, se convertir\u00e1 en una marca local que posicionar\u00e1 a la provincia en los mercados mundiales que ya exigen \u00e9stas certificaciones y tambi\u00e9n atraer\u00e1 inversiones a nuestra provincia\u201d<\/em>, indic\u00f3 el actual senador nacional. Asimismo, mencion\u00f3 que\u00a0<em>\u201cser\u00e1 el gobierno el que brinde una herramienta de desarrollo econ\u00f3mico, al otorgar la certificaci\u00f3n de sustentabilidad de las empresas y desarrollos\u201d.<\/em><\/p>\n\n\n\n<p>Adem\u00e1s, el candidato a gobernador asegur\u00f3 que la etiqueta&nbsp;<em>\u201cpermitir\u00e1 evaluar en forma objetiva el desempe\u00f1o ambiental de los productos y servicios que la lleven, abri\u00e9ndolos a la posibilidad de ingresar a nuevos mercados. La clave del etiquetado es la seriedad y credibilidad del organismo que lo genera, y una vez que se ha instalado es garant\u00eda de informaci\u00f3n veraz y confianza por parte del consumidor\u201d.<\/em><\/p>\n\n\n\n<p>La propuesta incluye beneficios fiscales para aquellos emprendimientos que logren certificar para obtener la etiqueta.<\/p>\n\n\n\n<p><em>\u201cLa certificaci\u00f3n los posicionar\u00e1 para colocar bonos verdes, con los que recuperar\u00e1n la inversi\u00f3n hecha en medidas de sostenibilidad ambiental y\/o social para reinvertirla. Esos mismos est\u00e1ndares son requeridos por organismos financieros para calificar en diferentes l\u00edneas de cr\u00e9dito, por lo tanto, estar\u00e1n en mejores condiciones para acceder a financiamiento\u201d<\/em>, indic\u00f3.<\/p>\n\n\n\n<p>Agreg\u00f3 que\u00a0<em>\u201clos bienes o servicios que produzcan contar\u00e1n con el respaldo y posicionamiento que les otorga una certificaci\u00f3n internacional, hoy reservado s\u00f3lo para aquellos que pueden contratar los servicios de grandes calificadoras\u201d.<\/em><\/p>\n\n\n\n<p>FUENTE: elsol.com.ar<\/p>\n","protected":false},"excerpt":{"rendered":"<p>El candidato a la gobernaci\u00f3n de Cambia Mendoza explic\u00f3 que se trata de un certificado que \u201cnos posicionar\u00e1 en los mercados mundiales\u201d. Adem\u00e1s anticip\u00f3 que habr\u00e1 beneficios fiscales para las pymes que se sumen. El candidato a gobernador de Cambia Mendoza,&nbsp;Alfredo Cornejo, present\u00f3 ante empresarios su plan para aumentar las exportaciones provinciales. En tal sentido, [&hellip;]<\/p>\n","protected":false},"author":2,"featured_media":1373,"comment_status":"open","ping_status":"open","sticky":true,"template":"","format":"standard","meta":[],"categories":[47],"tags":[],"_links":{"self":[{"href":"https:\/\/pasaenmendoza.com\/index.php?rest_route=\/wp\/v2\/posts\/1372"}],"collection":[{"href":"https:\/\/pasaenmendoza.com\/index.php?rest_route=\/wp\/v2\/posts"}],"about":[{"href":"https:\/\/pasaenmendoza.com\/index.php?rest_route=\/wp\/v2\/types\/post"}],"author":[{"embeddable":true,"href":"https:\/\/pasaenmendoza.com\/index.php?rest_route=\/wp\/v2\/users\/2"}],"replies":[{"embeddable":true,"href":"https:\/\/pasaenmendoza.com\/index.php?rest_route=%2Fwp%2Fv2%2Fcomments&post=1372"}],"version-history":[{"count":1,"href":"https:\/\/pasaenmendoza.com\/index.php?rest_route=\/wp\/v2\/posts\/1372\/revisions"}],"predecessor-version":[{"id":1374,"href":"https:\/\/pasaenmendoza.com\/index.php?rest_route=\/wp\/v2\/posts\/1372\/revisions\/1374"}],"wp:featuredmedia":[{"embeddable":true,"href":"https:\/\/pasaenmendoza.com\/index.php?rest_route=\/wp\/v2\/media\/1373"}],"wp:attachment":[{"href":"https:\/\/pasaenmendoza.com\/index.php?rest_route=%2Fwp%2Fv2%2Fmedia&parent=1372"}],"wp:term":[{"taxonomy":"category","embeddable":true,"href":"https:\/\/pasaenmendoza.com\/index.php?rest_route=%2Fwp%2Fv2%2Fcategories&post=1372"},{"taxonomy":"post_tag","embeddable":true,"href":"https:\/\/pasaenmendoza.com\/index.php?rest_route=%2Fwp%2Fv2%2Ftags&post=1372"}],"curies":[{"name":"wp","href":"https:\/\/api.w.org\/{rel}","templated":true}]}}